{"id":9631,"date":"2026-04-28T11:20:17","date_gmt":"2026-04-28T09:20:17","guid":{"rendered":"https:\/\/www.hrankovic.eu\/portal\/?p=9631"},"modified":"2026-04-28T11:21:25","modified_gmt":"2026-04-28T09:21:25","slug":"na-ahiret-je-preselila-nasa-sestra-huskic-hasan-fatima","status":"publish","type":"post","link":"https:\/\/www.hrankovic.eu\/portal\/na-ahiret-je-preselila-nasa-sestra-huskic-hasan-fatima\/","title":{"rendered":"Na Ahiret je preselila na\u0161a sestra Huski\u0107 ( Hasan) Fatima"},"content":{"rendered":"\n<blockquote class=\"wp-block-quote is-layout-flow wp-block-quote-is-layout-flow\">\n<p class=\"wp-block-paragraph\"><strong><em>Inna Lillahi ve inna ilejhi Rad\u017ei\u2019un \u2013 Svi smo Allahovi i svi se njemu vra\u0107amo!!<\/em><\/strong><\/p>\n<\/blockquote>\n\n\n\n<p class=\"wp-block-paragraph\">Sa velikom tugom javljamo rodbini,kom\u0161ijama i prijateljima da je u Nedjelju 26.04.2026\u00a0na Ahiret preselila\u00a0 na\u0161a kom\u0161inica i sestra\u00a0<strong>\u00a0Huski\u0107 (Hasana) Fatima u 62. godini \u017eivota\u00a0<\/strong>.\u00a0<strong>D\u017eenaza-namaz \u0107e se obaviti danas u Utorak 28.04.2026 godine poslije ikindija namaza \u00a0\u00a0na mezarju \u201c Hrankovi\u0107\u201d gdje \u0107e se obaviti i ukop.D\u017eenaza kre\u0107e ispred\u00a0d\u017eamije\u00a0<\/strong>poslije ikindija namaza.<\/p>\n\n\n\n<p class=\"wp-block-paragraph\">Molimo Allaha d\u017e.\u0161. da na\u0161oj sestri Fatimi oprosti grijehe i podari lijepi D\u017eennet i da je u D\u017eennetu sastavi sa njenim najmilijim a njenoj familiji podari sabura i snage da prebrode ovu tugu.Amin.<\/p>\n\n\n\n<p class=\"wp-block-paragraph\">El-Fatiha !!<\/p>\n\n\n\n<p class=\"wp-block-paragraph\">RAHMETULLAHI ALEJHI RAHHMETEN VASIAH<\/p>\n\n\n\n<p class=\"wp-block-paragraph\"><\/p>\n\n\n\n<p class=\"wp-block-paragraph\"><\/p>\n\n\n\n<p class=\"wp-block-paragraph\"><\/p>\n\n\n\n<p class=\"wp-block-paragraph\"><\/p>\n","protected":false},"excerpt":{"rendered":"<p>Inna Lillahi ve inna ilejhi Rad\u017ei\u2019un \u2013 Svi smo Allahovi i svi se njemu vra\u0107amo!! Sa velikom tugom javljamo rodbini,kom\u0161ijama i prijateljima da je u Nedjelju 26.04.2026\u00a0na Ahiret preselila\u00a0 na\u0161a kom\u0161inica i sestra\u00a0\u00a0Huski\u0107 (Hasana) Fatima u 62. godini \u017eivota\u00a0.\u00a0D\u017eenaza-namaz \u0107e se obaviti danas u Utorak 28.04.2026 godine poslije ikindija namaza \u00a0\u00a0na mezarju \u201c Hrankovi\u0107\u201d gdje &hellip;<\/p>\n","protected":false},"author":1150,"featured_media":9634,"comment_status":"open","ping_status":"closed","sticky":false,"template":"","format":"standard","meta":{"_crdt_document":"{\"document\":\"AAAd1f3nnBe0A7WymNcU1f3nnBcJtbKY1xTV\/eecFwLcAgY0AQNUrAEGKvYBugEBAQgASAAQAQEIAEgCQu4CoAMCIgIyAwAyAwLaAxK6AwEBCABIAkISAQEIAEgCEAEBCABIDgIBAQgCQkhQtAMBAQgChgIQAwASAwAKJA0ADiQMCQCmASC+AqQCGoYBzg5IAJ4OAQEIAogBCNIBSACWBgEBCAJCSAAoAQEIAkJI\/BwCIgIyAwAyiCQDAAwDABIDAAokDQAOJOgmgicaAggDAAUAAwEKBQAeDPIohCnCKYwpyimgKgQCBgQwAggQAwAWigIMDgwiAgjCL5gxAwLOKjKKARymASC+AqQCGvAKBKICgjoGGgwFAIoCAwAMBDAKlAKMAQLAKAQOFDKKARqmAR66AqQCGqAVGlqoCEQEHk7SCKAIFkgIEP4I8B0CCgcAEpIfDgAEOtwznhUHADQCpAYFAOo4AoQBWohWDPhVqlVCHFYC3gTMAY4BANocAoABCKADAGIBAoQBAiICMgMAMgENAgEOAgACAAIBEYAIMooBHKYBIL4CpAIa8AoEogIBDrAZBA4UMooBGqYBHroCpAIaoBUavAcA\/AeOCADOCAygCADgCLYI9ggI8B0CCgcAEpIfDqQH4Ac63DOeFQcANAKkBgUAsBnMAY4BylGwNAL9AigAIQEnAAEAJwEoACEAKAQnACgFIQEnAEQAhACBAIQAgQAHACgCJwEoACcAhwAhACgBJwEoACcAqACBAAAABACECIEAhALHACEAKAEnASgAJwCoAMcAIQAoAScBKAAnAKgARwAoAicAKAAnAQcAKAInAQQAKAAnAMcAKAInAQQAgQCEAIEAhACBAIQAgQCEAIEAhACBAIQAgQCEAIEGhAAoACcAxwAoAicBBACBAIQAKAAnAMcAKAInAQQAKAAnAMcAKAInAQQAKAAnAMQHwQDEAMEAxADBAMQAwQDEAMEAxADBAMQAwQDEAMEAxADBAMQAwQDEAMEAxADBAMQAwQDEAMEAxADBAMQAwQDEAcEBxAHBAMQBwQDEAcEAxADBAMQAwQDEAMEAxADBAMQBwQDEAIQAgQCEAIEAhAHEAsEFxALBAsQAwQDEAMEAxADBAcQAwQDED8EBxADBAcQAwQLEAMEBxBahAiEBqAChAKgAoQCoACEAqAEoAKgBxKEbphlzdGF0ZXZlcnNpb25kb2N1bWVudGRhdGVkb2N1bWVudHN0YXR1c2RvY3VtZW50dGl0bGVkb2N1bWVudGNvbnRlbnRkb2N1bWVudGV4Y2VycHRkb2N1bWVudGF1dGhvcmRvY3VtZW50ZmVhdHVyZWRfbWVkaWFkb2N1bWVudGNvbW1lbnRfc3RhdHVzZG9jdW1lbnRwaW5nX3N0YXR1c2RvY3VtZW50c3RpY2t5ZG9jdW1lbnR0ZW1wbGF0ZWRvY3VtZW50Zm9ybWF0ZG9jdW1lbnRtZXRhX2V4YWN0bWV0cmljc19za2lwX3RyYWNraW5nX2V4YWN0bWV0cmljc19zaXRlbm90ZV9hY3RpdmVfZXhhY3RtZXRyaWNzX3NpdGVub3RlX25vdGVfZXhhY3RtZXRyaWNzX3NpdGVub3RlX2NhdGVnb3J5bmdnX3Bvc3RfdGh1bWJuYWlsZm9vdG5vdGVzZG9jdW1lbnRjYXRlZ29yaWVzZG9jdW1lbnR0YWdzZG9jdW1lbnRibG9ja3NOYSBBaGlyZXQgamUgcHJlc2VsaWxhIG5hxaFhIHNlc3RyYSBIdXNracSHICggSGFzYW4pIEZhdGltY2xpZW50SWRpc1ZhbGlkbmFtZWF0dHJpYnV0ZXNjb250ZW50ZHJvcENhcGlubmVyQmxvY2tzY2xpZW50SWRpc1ZhbGlkbmFtZWF0dHJpYnV0ZXNjb250ZW50ZHJvcENhcGlubmVyQmxvY2tzPCEtLSB3cDpwYXJhZ3JhcGggLS0+CjxwPjwvcD4KPCEtLSAvd3A6cGFyYWdyYXBoIC0tPgoKPCEtLSB3cDpwYXJhZ3JhcGggLS0+CjxwPjwvPgo8IS0tIC93cDpwYXJhZ3JhcGggLS0+YWNsaWVudElkaXNWYWxpZG5hbWVhdHRyaWJ1dGVzY29udGVudGRyb3BDYXBpbm5lckJsb2Nrc2NsaWVudElkaXNWYWxpZG5hbWVhdHRyaWJ1dGVzY29udGVudGRyb3BDYXBpbm5lckJsb2Nrc2NsaWVudElkaXNWYWxpZG5hbWVhdHRyaWJ1dGVzdmFsdWVjaXRhdGlvbmlubmVyQmxvY2tzY2xpZW50SWRpc1ZhbGlkbmFtZWF0dHJpYnV0ZXNjb250ZW50PHN0cm9uZz48ZW0+SW5uYSBMaWxsYWhpIHZlIGlubmEgaWxlamhpIFJhZMW+aeKAmXVuIOKAkyBTdmkgc21vIEFsbGFob3ZpIGkgc3ZpIHNlIG5qZW11IHZyYcSHYW1vISE8L2VtPjwvc3Ryb25nPmRyb3BDYXBpbm5lckJsb2Nrc2NsaWVudElkaXNWYWxpZG5hbWVhdHRyaWJ1dGVzY29udGVudFNhIHZlbGlrb20gdHVnb20gamF2bGphbW8gcm9kYmluaSxrb23FoWlqYW1hIGkgcHJpamF0ZWxqaW1hIGRhIGplIHUgIDYuMDQuMjAyNm5hIEFoaXJldCBwcmVzZWxpbGEgbmHFoWEga29txaFpbmljYSBpIHNlc3RyYTxzdHIuZHJvcENhcGlubmVyQmxvY2tzY2xpZW50SWRpc1ZhbGlkbmFtZWF0dHJpYnV0ZXNjb250ZW50TW9saW1vIEFsbGFoYSBkxb4uxaEuIGRhIG5hxaFvaiBzZXN0cmkgIG9wcm9zdGkgZ3JpamVoZSBpIHBvZGFyaSBsaWplcGkgRMW+ZW5uZXQgaSBkYSBqZSB1IETFvmVubmV0dSBzYXN0YXZpIHNhIG5qZW5pbSBuYWptaWxpamltIGEgbmplbm9qIGZhbWlsaWppIHBvZGFyaSBzYWJ1cmEgaSBzbmFnZSBkYSBwcmVicm9kZSBvdnUgdHVndS5BbWluLmRyb3BDYXBpbm5lckJsb2Nrc2NsaWVudElkaXNWYWxpZG5hbWVhdHRyaWJ1dGVzY29udGVudEVsLUZhdGloYSAhIWRyb3BDYXBpbm5lckJsb2Nrc2NsaWVudElkaXNWYWxpZG5hbWVhdHRyaWJ1dGVzY29udGVudFJBSE1FVFVMTEFISSBBTEVKSEkgUkFISE1FVEVOIFZBU0lBSGRyb3BDYXBpbm5lckJsb2Nrc3F1b3RlIC0tPgo8YmxvY2txdW90ZSBjbGFzcz0idy1ibG9jay1xdW90ZSI+PCEtLSB3cDpwc3Ryb25nPjxlbT5Jbm5hIExpbGxhaGkgdmUgaW5uYSBpbGVqaGkgUmFkxb5p4oCZdW4g4oCTIFN2aSBzbW8gQWxsYWhvdmkgaSBzdmkgc2UgbmplbXUgdnJhxIdhbW8hITxlbT48L3N0cm9uZz48LzwvYmxvY2txdW90ZT48IS0tIC93cDpxdW90ZSAtLT4KU2EgdmVsaWtvbSB0dWdvbSBqYXZsamFtbyByb2RiaW5pLGtvbcWhaWphbWEgaSBwcmlqYXRlbGppbWEgZGEgamUgdSBlIDYuMDQuMjAyNm5hIEFoaXJldCBwcmVzZWxpbGEgbmHFoWEga29txaFpbmljYSBpIHNlc3RyYXN0cm9uZz4gYWFuaSB1IC4gZ29kaW5pIMW+aXZvdGE8c3Ryb25nPi48c3Ryb25nRMW+ZW5hemEtbmFtYXogxIdlIHNlIG9iYXZpdGkgZGFuYXMgdSB0YWsgLjA0LjIwMjYgZ29kaW5lIHBvc2xpamUgZCBuYW1hemEgbmEgbWV6YXJqdSDigJwgSHJhbmtvdmnEh+KAnSBnZGplIMSHZSBzZSBvYmF2aXRpIGkgdWtvcC5Exb5lbmF6YSBrcmXEh2UgaXNwcmVkZMW+YW1pamU8L3N0cm9uZz5wb3NsaWplIGQgbmFtYXphLjwvcD4KCjwhLS0gd3A6cGFyYWdyYXBoIC0tPgo8cD5Nb2xpbW8gQWxsYWhhIGTFvi7FoS4gZGEgbmHFoW9qIHNlc3RyaSBhaSBvcHJvc3RpIGdyaWplaGUgaSBwb2RhcmkgbGlqZXBpIETFvmVubmV0IGkgZGEgamUgdSBExb5lbm5ldHUgc2FzdGF2aSBzYSBuamVuaW0gbmFqbWlsaWppbSBhIG5qZW5vaiBmYW1pbGlqaSBwb2Rhcmkgc2FidXJhIGkgc25hZ2UgZGEgcHJlYnJvZGUgb3Z1IHR1Z3UuQW1pbi48L3A+CjwhLS0gL3dwOnBhcmFncmFwaCAtLT4KCjwhLS0gd3A6cGFyYWdyYXBoIC0tPgo8cD5FbC1GYXRpaGEgISE8L3A+CjwhLS0gL3dwOnBhcmFncmFwaCAtLT4KCjwhLS0gd3A6cGFyYWdyYXBoIC0tPgo8cD5SQUhNRVRVTExBSEkgQUxFSkhJIFJBSEhNRVRFTiBWQVNJQUg8L3A+CjwhLS0gL3dwOnBhcmFncmFwaCAtLT4KCjwhLS0gd3A6cGFyYWdyYXBoIC0tPgo8cD48L3A+CjwhLS0gL3dwOnBhcmFncmFwaCAtLT4KCjwhLS0gd3A6cGFyYWdyYXBoIC0tPgo8cD48L3A+CjwhLS0gL3dwOnBhcmFncmFwaCAtLT4KCjwhLS0gd3A6cGFyYWdyYXBoIC0tPgo8cD48L3A+CjwhLS0gL3dwOnBhcmFncmFwaCAtLT4KCjwhLS0gd3A6cGFyYWdyYXBoIC0tPgo8cD48L3A+CjwhLS0gL3dwOnBhcmFncmFwaCAtLT7CoMKgwqBOZWRqZWxqdTJvbmc+wqB1IC4gZ29kaW5pIMW+aXZvdGHCoDwvc3Ryb25nPi7CoDxzdHJvbmc+RMW+ZW5hemEtbmFtYXogxIdlIHNlIG9iYXZpdGkgZGFuYXMgIC4wNC4yMDI2IGdvZGluZSBwb3NsaWplICBuYW1hemEgwqDCoG5hIG1lemFyanUg4oCcIEhyYW5rb3ZpxIfigJ0gZ2RqZSDEh2Ugc2Ugb2Jhdml0aSBpIHVrb3AuRMW+ZW5hemEga3JlxIdlIGlzcHJlZMKgZMW+YW1pamXCoDwvc3Ryb25nPnBvc2xpamUgZMW+dW1lIG5hbWF6YU5kamVsanUywqDCoMKgwqDCoMKgwqDCoMKgwqBIdXNracSHIChIYXNhbmEpIEZhdGltYSA2Mkh1c2tpxIcoSHNhKSBGYXRtYTYydSBVdG9yYWsyOGlraW5kaWphRmF0aW1pVW9yMjhpa2luaWphRnRtaXN0YXRlc2F2ZWRBdHN0YXRlc2F2ZWRCeXN0YXRldmVyc2lvbmRvY3VtZW50c2x1Z2lraXNwcmVkwqBkxb5hbWlqZcKgPC9zdHJvbmc+cG9zbGlqZSBpa2luZGlqYSBpa2luaWphBQcIBAgGCAUIBwgHCAYIDggOCAsIBkgBBggEGx0bHxIJCAoIBAgGASIVCAcECkcACwgHBApHAAsIAREBGUEAGUEBFwEIBwQKRwALCAcECkcACwgHBAoFCAsIBwQKB6oBBwsIBwQKB4MBAQkBEgYSBAEHCwgHBAoHJJsCBwsIBwQKBwwHCwgHBAoHJAcLHhecAQ4NEgGDAUEACQESBhIHQQACQQACDwEIByQBAxgBCAGFAQcRAQw\/QQCqCEEBCAEFAoUBARiKASYBBQEGQQUCQQACBwQJAQIGAgEGQgBBAAYCCAYBQgAEA0EAAgUHBQcFBwgEAiMBBQQDDQEDAAABCQAFAQIATQEsQgEBAEEAAgBBAAIAQQACAEEAAgBBAAIAQQACAEEAAgBBAAIAQQACAEEAAgBWQQEQQQ0DQQkIQRQIQQAFBgcGBDMQnwGSAQ0jQQIEQQgGQQAFBgcGDQQBAgEFAgYEAUIABAELRgAEQQMCQQADDQYCAQYCBQYBBwECBAEFA0EEAwEFQQUCuAIAfQF9vhF3BG9wZW53BmNsb3NlZHl3AHcIc3RhbmRhcmR5eXcAfQB9AHcAdyQ0MzYxMThhNC05ZGRiLTQwYjgtODI2MS0xYWQ2YTgwZGRlZjF4dw5jb3JlL3BhcmFncmFwaHl4dw5jb3JlL3BhcmFncmFwaHl3JDBlODQ0ZTc4LTU0MjEtNGRlMy1iMjFkLTRiODg4MTY4NWRhYXh3DmNvcmUvcGFyYWdyYXBoeXckZDgwM2U4MTAtNTNiMS00OTI5LTg2MTYtODk3ZjY2OWVlNzVkeHcOY29yZS9wYXJhZ3JhcGh5dyQ0MzMxNjk3OC1hYTgzLTRmMjUtODFiOS00MGZkYjhmMzMxZDB3JDFkZDNjNDA4LTZiYWUtNDk1ZC04YTE2LWFjOGY5NGNlN2I2Y3h3CmNvcmUvcXVvdGV3AHckYmY5OGMyODMtMTY3My00ZmE1LTgwMzYtY2RkYmE3ZmI0ZmE1eHcOY29yZS9wYXJhZ3JhcGh5dyRjOTIzNjE2Zi1mNDAwLTQyN2QtOWIxNS02ZThlOGQyZmY2Yjl4dw5jb3JlL3BhcmFncmFwaHl3JDFhOGY5YTYwLTVmZjUtNDhjMy1hMTI5LTU0ZmRjY2YxMDY5NHh3DmNvcmUvcGFyYWdyYXBoeXckNmY5MDlhZWYtYzMyZi00NDEzLWI3MTMtM2MzYTM5MDNiZDQ3eHcOY29yZS9wYXJhZ3JhcGh5dyQ5NDdhNzJkMi03OGIxLTQwYjAtOTJjNC01OTdmZTEwZmYyY2N4dw5jb3JlL3BhcmFncmFwaHl9opYBdQF9mQF3B3B1Ymxpc2gMAHcTMjAyNi0wNC0yOFQxMToyMDoxN3UDfZYHfRx9oAV3Nm5hLWFoaXJldC1qZS1wcmVzZWxpbGEtbmFzYS1zZXN0cmEtaHVza2ljLWhhc2FuLWZhdGltYXtCed02SBXQAHtB5K5hlqAAAALV\/rPOCz0BAQEPAwAMASQCFQAJAAcIUQAaAAgAygEHAQAJAAEEEgUGBhIFBKcCLQPfAwABBQEACQABBBIFBgYSBQcMAQMBAAIBAQABBAIBDwUJBCsBBAEZAwgAAQpFBQcFEgNLAAEArgQGDhUCAUUAAQcYBEolGAYCBwcGBAdHBAECAQS1mcyrCgIAAAUB\",\"updateId\":784647321}","_exactmetrics_skip_tracking":false,"_exactmetrics_sitenote_active":false,"_exactmetrics_sitenote_note":"","_exactmetrics_sitenote_category":0,"ngg_post_thumbnail":0,"footnotes":""},"categories":[89],"tags":[470,28,352],"class_list":["post-9631","post","type-post","status-publish","format-standard","has-post-thumbnail","","category-smrtovnice","tag-fatima","tag-hrankovic-2","tag-preselila"],"yoast_head":"<!-- This site is optimized with the Yoast SEO plugin v27.5 - https:\/\/yoast.com\/product\/yoast-seo-wordpress\/ -->\n<title>Na Ahiret je preselila na\u0161a sestra Huski\u0107 ( Hasan) Fatima &#8211; HRANKOVI\u0106 ONLINE<\/title>\n<meta name=\"robots\" content=\"index, follow, max-snippet:-1, max-image-preview:large, max-video-preview:-1\" \/>\n<link rel=\"canonical\" href=\"https:\/\/www.hrankovic.eu\/portal\/na-ahiret-je-preselila-nasa-sestra-huskic-hasan-fatima\/\" \/>\n<meta property=\"og:locale\" content=\"bs_BA\" \/>\n<meta property=\"og:type\" content=\"article\" \/>\n<meta property=\"og:title\" content=\"Na Ahiret je preselila na\u0161a sestra Huski\u0107 ( Hasan) Fatima &#8211; HRANKOVI\u0106 ONLINE\" \/>\n<meta property=\"og:description\" content=\"Inna Lillahi ve inna ilejhi Rad\u017ei\u2019un \u2013 Svi smo Allahovi i svi se njemu vra\u0107amo!! Sa velikom tugom javljamo rodbini,kom\u0161ijama i prijateljima da je u Nedjelju 26.04.2026\u00a0na Ahiret preselila\u00a0 na\u0161a kom\u0161inica i sestra\u00a0\u00a0Huski\u0107 (Hasana) Fatima u 62. godini \u017eivota\u00a0.\u00a0D\u017eenaza-namaz \u0107e se obaviti danas u Utorak 28.04.2026 godine poslije ikindija namaza \u00a0\u00a0na mezarju \u201c Hrankovi\u0107\u201d gdje &hellip;\" \/>\n<meta property=\"og:url\" content=\"https:\/\/www.hrankovic.eu\/portal\/na-ahiret-je-preselila-nasa-sestra-huskic-hasan-fatima\/\" \/>\n<meta property=\"og:site_name\" content=\"HRANKOVI\u0106 ONLINE\" \/>\n<meta property=\"article:publisher\" content=\"https:\/\/www.facebook.com\/GHrankovic\/\" \/>\n<meta property=\"article:published_time\" content=\"2026-04-28T09:20:17+00:00\" \/>\n<meta property=\"article:modified_time\" content=\"2026-04-28T09:21:25+00:00\" \/>\n<meta property=\"og:image\" content=\"https:\/\/www.hrankovic.eu\/portal\/wp-content\/uploads\/2026\/04\/att.RUc_8Wov9cwJLvObIiwIbMzjaDTRbF0HsDBXp82kcO0.jpeg\" \/>\n\t<meta property=\"og:image:width\" content=\"1600\" \/>\n\t<meta property=\"og:image:height\" content=\"1131\" \/>\n\t<meta property=\"og:image:type\" content=\"image\/jpeg\" \/>\n<meta name=\"author\" content=\"REDAKCIJA\" \/>\n<meta name=\"twitter:card\" content=\"summary_large_image\" \/>\n<meta name=\"twitter:label1\" content=\"Written by\" \/>\n\t<meta name=\"twitter:data1\" content=\"REDAKCIJA\" \/>\n\t<meta name=\"twitter:label2\" content=\"Est. reading time\" \/>\n\t<meta name=\"twitter:data2\" content=\"1 minuta\" \/>\n<script type=\"application\/ld+json\" class=\"yoast-schema-graph\">{\"@context\":\"https:\\\/\\\/schema.org\",\"@graph\":[{\"@type\":\"Article\",\"@id\":\"https:\\\/\\\/www.hrankovic.eu\\\/portal\\\/na-ahiret-je-preselila-nasa-sestra-huskic-hasan-fatima\\\/#article\",\"isPartOf\":{\"@id\":\"https:\\\/\\\/www.hrankovic.eu\\\/portal\\\/na-ahiret-je-preselila-nasa-sestra-huskic-hasan-fatima\\\/\"},\"author\":{\"name\":\"REDAKCIJA\",\"@id\":\"https:\\\/\\\/www.hrankovic.eu\\\/portal\\\/#\\\/schema\\\/person\\\/6d7d8691a307fb4ea628d9f3cd6856cc\"},\"headline\":\"Na Ahiret je preselila na\u0161a sestra Huski\u0107 ( Hasan) Fatima\",\"datePublished\":\"2026-04-28T09:20:17+00:00\",\"dateModified\":\"2026-04-28T09:21:25+00:00\",\"mainEntityOfPage\":{\"@id\":\"https:\\\/\\\/www.hrankovic.eu\\\/portal\\\/na-ahiret-je-preselila-nasa-sestra-huskic-hasan-fatima\\\/\"},\"wordCount\":128,\"commentCount\":0,\"image\":{\"@id\":\"https:\\\/\\\/www.hrankovic.eu\\\/portal\\\/na-ahiret-je-preselila-nasa-sestra-huskic-hasan-fatima\\\/#primaryimage\"},\"thumbnailUrl\":\"https:\\\/\\\/www.hrankovic.eu\\\/portal\\\/wp-content\\\/uploads\\\/2026\\\/04\\\/att.RUc_8Wov9cwJLvObIiwIbMzjaDTRbF0HsDBXp82kcO0.jpeg\",\"keywords\":[\"fatima\",\"hrankovic\",\"preselila\"],\"articleSection\":[\"D\u017dENAZE-SMRTOVNICE\"],\"inLanguage\":\"bs-BA\",\"potentialAction\":[{\"@type\":\"CommentAction\",\"name\":\"Comment\",\"target\":[\"https:\\\/\\\/www.hrankovic.eu\\\/portal\\\/na-ahiret-je-preselila-nasa-sestra-huskic-hasan-fatima\\\/#respond\"]}]},{\"@type\":\"WebPage\",\"@id\":\"https:\\\/\\\/www.hrankovic.eu\\\/portal\\\/na-ahiret-je-preselila-nasa-sestra-huskic-hasan-fatima\\\/\",\"url\":\"https:\\\/\\\/www.hrankovic.eu\\\/portal\\\/na-ahiret-je-preselila-nasa-sestra-huskic-hasan-fatima\\\/\",\"name\":\"Na Ahiret je preselila na\u0161a sestra Huski\u0107 ( Hasan) Fatima &#8211; HRANKOVI\u0106 ONLINE\",\"isPartOf\":{\"@id\":\"https:\\\/\\\/www.hrankovic.eu\\\/portal\\\/#website\"},\"primaryImageOfPage\":{\"@id\":\"https:\\\/\\\/www.hrankovic.eu\\\/portal\\\/na-ahiret-je-preselila-nasa-sestra-huskic-hasan-fatima\\\/#primaryimage\"},\"image\":{\"@id\":\"https:\\\/\\\/www.hrankovic.eu\\\/portal\\\/na-ahiret-je-preselila-nasa-sestra-huskic-hasan-fatima\\\/#primaryimage\"},\"thumbnailUrl\":\"https:\\\/\\\/www.hrankovic.eu\\\/portal\\\/wp-content\\\/uploads\\\/2026\\\/04\\\/att.RUc_8Wov9cwJLvObIiwIbMzjaDTRbF0HsDBXp82kcO0.jpeg\",\"datePublished\":\"2026-04-28T09:20:17+00:00\",\"dateModified\":\"2026-04-28T09:21:25+00:00\",\"author\":{\"@id\":\"https:\\\/\\\/www.hrankovic.eu\\\/portal\\\/#\\\/schema\\\/person\\\/6d7d8691a307fb4ea628d9f3cd6856cc\"},\"breadcrumb\":{\"@id\":\"https:\\\/\\\/www.hrankovic.eu\\\/portal\\\/na-ahiret-je-preselila-nasa-sestra-huskic-hasan-fatima\\\/#breadcrumb\"},\"inLanguage\":\"bs-BA\",\"potentialAction\":[{\"@type\":\"ReadAction\",\"target\":[\"https:\\\/\\\/www.hrankovic.eu\\\/portal\\\/na-ahiret-je-preselila-nasa-sestra-huskic-hasan-fatima\\\/\"]}]},{\"@type\":\"ImageObject\",\"inLanguage\":\"bs-BA\",\"@id\":\"https:\\\/\\\/www.hrankovic.eu\\\/portal\\\/na-ahiret-je-preselila-nasa-sestra-huskic-hasan-fatima\\\/#primaryimage\",\"url\":\"https:\\\/\\\/www.hrankovic.eu\\\/portal\\\/wp-content\\\/uploads\\\/2026\\\/04\\\/att.RUc_8Wov9cwJLvObIiwIbMzjaDTRbF0HsDBXp82kcO0.jpeg\",\"contentUrl\":\"https:\\\/\\\/www.hrankovic.eu\\\/portal\\\/wp-content\\\/uploads\\\/2026\\\/04\\\/att.RUc_8Wov9cwJLvObIiwIbMzjaDTRbF0HsDBXp82kcO0.jpeg\",\"width\":1600,\"height\":1131},{\"@type\":\"BreadcrumbList\",\"@id\":\"https:\\\/\\\/www.hrankovic.eu\\\/portal\\\/na-ahiret-je-preselila-nasa-sestra-huskic-hasan-fatima\\\/#breadcrumb\",\"itemListElement\":[{\"@type\":\"ListItem\",\"position\":1,\"name\":\"Home\",\"item\":\"https:\\\/\\\/www.hrankovic.eu\\\/portal\\\/\"},{\"@type\":\"ListItem\",\"position\":2,\"name\":\"Na Ahiret je preselila na\u0161a sestra Huski\u0107 ( Hasan) Fatima\"}]},{\"@type\":\"WebSite\",\"@id\":\"https:\\\/\\\/www.hrankovic.eu\\\/portal\\\/#website\",\"url\":\"https:\\\/\\\/www.hrankovic.eu\\\/portal\\\/\",\"name\":\"HRANKOVI\u0106 ONLINE\",\"description\":\"Korist za budu\u0107nost na\u0161eg HRANKOVI\u0106A\",\"potentialAction\":[{\"@type\":\"SearchAction\",\"target\":{\"@type\":\"EntryPoint\",\"urlTemplate\":\"https:\\\/\\\/www.hrankovic.eu\\\/portal\\\/?s={search_term_string}\"},\"query-input\":{\"@type\":\"PropertyValueSpecification\",\"valueRequired\":true,\"valueName\":\"search_term_string\"}}],\"inLanguage\":\"bs-BA\"},{\"@type\":\"Person\",\"@id\":\"https:\\\/\\\/www.hrankovic.eu\\\/portal\\\/#\\\/schema\\\/person\\\/6d7d8691a307fb4ea628d9f3cd6856cc\",\"name\":\"REDAKCIJA\",\"image\":{\"@type\":\"ImageObject\",\"inLanguage\":\"bs-BA\",\"@id\":\"https:\\\/\\\/secure.gravatar.com\\\/avatar\\\/a33df909db5ed87bbb7501e02b04a6e04cce7f32bfa6cf9fee4bb45846c8cfa1?s=96&d=wp_user_avatar&r=g\",\"url\":\"https:\\\/\\\/secure.gravatar.com\\\/avatar\\\/a33df909db5ed87bbb7501e02b04a6e04cce7f32bfa6cf9fee4bb45846c8cfa1?s=96&d=wp_user_avatar&r=g\",\"contentUrl\":\"https:\\\/\\\/secure.gravatar.com\\\/avatar\\\/a33df909db5ed87bbb7501e02b04a6e04cce7f32bfa6cf9fee4bb45846c8cfa1?s=96&d=wp_user_avatar&r=g\",\"caption\":\"REDAKCIJA\"}}]}<\/script>\n<!-- \/ Yoast SEO plugin. -->","yoast_head_json":{"title":"Na Ahiret je preselila na\u0161a sestra Huski\u0107 ( Hasan) Fatima &#8211; HRANKOVI\u0106 ONLINE","robots":{"index":"index","follow":"follow","max-snippet":"max-snippet:-1","max-image-preview":"max-image-preview:large","max-video-preview":"max-video-preview:-1"},"canonical":"https:\/\/www.hrankovic.eu\/portal\/na-ahiret-je-preselila-nasa-sestra-huskic-hasan-fatima\/","og_locale":"bs_BA","og_type":"article","og_title":"Na Ahiret je preselila na\u0161a sestra Huski\u0107 ( Hasan) Fatima &#8211; HRANKOVI\u0106 ONLINE","og_description":"Inna Lillahi ve inna ilejhi Rad\u017ei\u2019un \u2013 Svi smo Allahovi i svi se njemu vra\u0107amo!! Sa velikom tugom javljamo rodbini,kom\u0161ijama i prijateljima da je u Nedjelju 26.04.2026\u00a0na Ahiret preselila\u00a0 na\u0161a kom\u0161inica i sestra\u00a0\u00a0Huski\u0107 (Hasana) Fatima u 62. godini \u017eivota\u00a0.\u00a0D\u017eenaza-namaz \u0107e se obaviti danas u Utorak 28.04.2026 godine poslije ikindija namaza \u00a0\u00a0na mezarju \u201c Hrankovi\u0107\u201d gdje &hellip;","og_url":"https:\/\/www.hrankovic.eu\/portal\/na-ahiret-je-preselila-nasa-sestra-huskic-hasan-fatima\/","og_site_name":"HRANKOVI\u0106 ONLINE","article_publisher":"https:\/\/www.facebook.com\/GHrankovic\/","article_published_time":"2026-04-28T09:20:17+00:00","article_modified_time":"2026-04-28T09:21:25+00:00","og_image":[{"width":1600,"height":1131,"url":"https:\/\/www.hrankovic.eu\/portal\/wp-content\/uploads\/2026\/04\/att.RUc_8Wov9cwJLvObIiwIbMzjaDTRbF0HsDBXp82kcO0.jpeg","type":"image\/jpeg"}],"author":"REDAKCIJA","twitter_card":"summary_large_image","twitter_misc":{"Written by":"REDAKCIJA","Est. reading time":"1 minuta"},"schema":{"@context":"https:\/\/schema.org","@graph":[{"@type":"Article","@id":"https:\/\/www.hrankovic.eu\/portal\/na-ahiret-je-preselila-nasa-sestra-huskic-hasan-fatima\/#article","isPartOf":{"@id":"https:\/\/www.hrankovic.eu\/portal\/na-ahiret-je-preselila-nasa-sestra-huskic-hasan-fatima\/"},"author":{"name":"REDAKCIJA","@id":"https:\/\/www.hrankovic.eu\/portal\/#\/schema\/person\/6d7d8691a307fb4ea628d9f3cd6856cc"},"headline":"Na Ahiret je preselila na\u0161a sestra Huski\u0107 ( Hasan) Fatima","datePublished":"2026-04-28T09:20:17+00:00","dateModified":"2026-04-28T09:21:25+00:00","mainEntityOfPage":{"@id":"https:\/\/www.hrankovic.eu\/portal\/na-ahiret-je-preselila-nasa-sestra-huskic-hasan-fatima\/"},"wordCount":128,"commentCount":0,"image":{"@id":"https:\/\/www.hrankovic.eu\/portal\/na-ahiret-je-preselila-nasa-sestra-huskic-hasan-fatima\/#primaryimage"},"thumbnailUrl":"https:\/\/www.hrankovic.eu\/portal\/wp-content\/uploads\/2026\/04\/att.RUc_8Wov9cwJLvObIiwIbMzjaDTRbF0HsDBXp82kcO0.jpeg","keywords":["fatima","hrankovic","preselila"],"articleSection":["D\u017dENAZE-SMRTOVNICE"],"inLanguage":"bs-BA","potentialAction":[{"@type":"CommentAction","name":"Comment","target":["https:\/\/www.hrankovic.eu\/portal\/na-ahiret-je-preselila-nasa-sestra-huskic-hasan-fatima\/#respond"]}]},{"@type":"WebPage","@id":"https:\/\/www.hrankovic.eu\/portal\/na-ahiret-je-preselila-nasa-sestra-huskic-hasan-fatima\/","url":"https:\/\/www.hrankovic.eu\/portal\/na-ahiret-je-preselila-nasa-sestra-huskic-hasan-fatima\/","name":"Na Ahiret je preselila na\u0161a sestra Huski\u0107 ( Hasan) Fatima &#8211; HRANKOVI\u0106 ONLINE","isPartOf":{"@id":"https:\/\/www.hrankovic.eu\/portal\/#website"},"primaryImageOfPage":{"@id":"https:\/\/www.hrankovic.eu\/portal\/na-ahiret-je-preselila-nasa-sestra-huskic-hasan-fatima\/#primaryimage"},"image":{"@id":"https:\/\/www.hrankovic.eu\/portal\/na-ahiret-je-preselila-nasa-sestra-huskic-hasan-fatima\/#primaryimage"},"thumbnailUrl":"https:\/\/www.hrankovic.eu\/portal\/wp-content\/uploads\/2026\/04\/att.RUc_8Wov9cwJLvObIiwIbMzjaDTRbF0HsDBXp82kcO0.jpeg","datePublished":"2026-04-28T09:20:17+00:00","dateModified":"2026-04-28T09:21:25+00:00","author":{"@id":"https:\/\/www.hrankovic.eu\/portal\/#\/schema\/person\/6d7d8691a307fb4ea628d9f3cd6856cc"},"breadcrumb":{"@id":"https:\/\/www.hrankovic.eu\/portal\/na-ahiret-je-preselila-nasa-sestra-huskic-hasan-fatima\/#breadcrumb"},"inLanguage":"bs-BA","potentialAction":[{"@type":"ReadAction","target":["https:\/\/www.hrankovic.eu\/portal\/na-ahiret-je-preselila-nasa-sestra-huskic-hasan-fatima\/"]}]},{"@type":"ImageObject","inLanguage":"bs-BA","@id":"https:\/\/www.hrankovic.eu\/portal\/na-ahiret-je-preselila-nasa-sestra-huskic-hasan-fatima\/#primaryimage","url":"https:\/\/www.hrankovic.eu\/portal\/wp-content\/uploads\/2026\/04\/att.RUc_8Wov9cwJLvObIiwIbMzjaDTRbF0HsDBXp82kcO0.jpeg","contentUrl":"https:\/\/www.hrankovic.eu\/portal\/wp-content\/uploads\/2026\/04\/att.RUc_8Wov9cwJLvObIiwIbMzjaDTRbF0HsDBXp82kcO0.jpeg","width":1600,"height":1131},{"@type":"BreadcrumbList","@id":"https:\/\/www.hrankovic.eu\/portal\/na-ahiret-je-preselila-nasa-sestra-huskic-hasan-fatima\/#breadcrumb","itemListElement":[{"@type":"ListItem","position":1,"name":"Home","item":"https:\/\/www.hrankovic.eu\/portal\/"},{"@type":"ListItem","position":2,"name":"Na Ahiret je preselila na\u0161a sestra Huski\u0107 ( Hasan) Fatima"}]},{"@type":"WebSite","@id":"https:\/\/www.hrankovic.eu\/portal\/#website","url":"https:\/\/www.hrankovic.eu\/portal\/","name":"HRANKOVI\u0106 ONLINE","description":"Korist za budu\u0107nost na\u0161eg HRANKOVI\u0106A","potentialAction":[{"@type":"SearchAction","target":{"@type":"EntryPoint","urlTemplate":"https:\/\/www.hrankovic.eu\/portal\/?s={search_term_string}"},"query-input":{"@type":"PropertyValueSpecification","valueRequired":true,"valueName":"search_term_string"}}],"inLanguage":"bs-BA"},{"@type":"Person","@id":"https:\/\/www.hrankovic.eu\/portal\/#\/schema\/person\/6d7d8691a307fb4ea628d9f3cd6856cc","name":"REDAKCIJA","image":{"@type":"ImageObject","inLanguage":"bs-BA","@id":"https:\/\/secure.gravatar.com\/avatar\/a33df909db5ed87bbb7501e02b04a6e04cce7f32bfa6cf9fee4bb45846c8cfa1?s=96&d=wp_user_avatar&r=g","url":"https:\/\/secure.gravatar.com\/avatar\/a33df909db5ed87bbb7501e02b04a6e04cce7f32bfa6cf9fee4bb45846c8cfa1?s=96&d=wp_user_avatar&r=g","contentUrl":"https:\/\/secure.gravatar.com\/avatar\/a33df909db5ed87bbb7501e02b04a6e04cce7f32bfa6cf9fee4bb45846c8cfa1?s=96&d=wp_user_avatar&r=g","caption":"REDAKCIJA"}}]}},"_links":{"self":[{"href":"https:\/\/www.hrankovic.eu\/portal\/wp-json\/wp\/v2\/posts\/9631","targetHints":{"allow":["GET"]}}],"collection":[{"href":"https:\/\/www.hrankovic.eu\/portal\/wp-json\/wp\/v2\/posts"}],"about":[{"href":"https:\/\/www.hrankovic.eu\/portal\/wp-json\/wp\/v2\/types\/post"}],"author":[{"embeddable":true,"href":"https:\/\/www.hrankovic.eu\/portal\/wp-json\/wp\/v2\/users\/1150"}],"replies":[{"embeddable":true,"href":"https:\/\/www.hrankovic.eu\/portal\/wp-json\/wp\/v2\/comments?post=9631"}],"version-history":[{"count":3,"href":"https:\/\/www.hrankovic.eu\/portal\/wp-json\/wp\/v2\/posts\/9631\/revisions"}],"predecessor-version":[{"id":9637,"href":"https:\/\/www.hrankovic.eu\/portal\/wp-json\/wp\/v2\/posts\/9631\/revisions\/9637"}],"wp:featuredmedia":[{"embeddable":true,"href":"https:\/\/www.hrankovic.eu\/portal\/wp-json\/wp\/v2\/media\/9634"}],"wp:attachment":[{"href":"https:\/\/www.hrankovic.eu\/portal\/wp-json\/wp\/v2\/media?parent=9631"}],"wp:term":[{"taxonomy":"category","embeddable":true,"href":"https:\/\/www.hrankovic.eu\/portal\/wp-json\/wp\/v2\/categories?post=9631"},{"taxonomy":"post_tag","embeddable":true,"href":"https:\/\/www.hrankovic.eu\/portal\/wp-json\/wp\/v2\/tags?post=9631"}],"curies":[{"name":"wp","href":"https:\/\/api.w.org\/{rel}","templated":true}]}}