{"id":938,"date":"2009-08-15T21:46:51","date_gmt":"2009-08-15T19:46:51","guid":{"rendered":"http:\/\/www.hrankovic.eu\/nova\/?p=938"},"modified":"2013-08-31T21:48:52","modified_gmt":"2013-08-31T19:48:52","slug":"ponovo-smo-sa-vama","status":"publish","type":"post","link":"https:\/\/www.hrankovic.eu\/portal\/ponovo-smo-sa-vama\/","title":{"rendered":"Ponovo smo sa Vama"},"content":{"rendered":"<p><span style=\"font-size: 10pt;\"><span style=\"font-family: verdana,geneva;\">Po\u0161tovani posjetioci.Evo nakon ovih godi\u0161njih odmora ponovo smo sa vama.Po\u0161to je danas 15 August,kre\u0107emo ponovo sa aktivnostima na ovoj stranici.Nadamo se da Vam nismo nedostajali i da ste se svi dobro odmorili od svakodnevnih aktivnosti.<\/span><\/span><br \/>\n<span style=\"font-size: 10pt;\"><span style=\"font-family: verdana,geneva;\"> Tako\u0111e se nadamo da ste se dobro proveli na godi\u0161njim odmorima i da ste se zdravi i veseli ponovo vratili svojim radnim mjestima.Oni koji jo\u0161 odmaraju \u017eelimo im ugodan odmor.Na\u0161i posjetioci koji se javljaju direktno iz Hrankovi\u0107a,njima \u017eelimo sada nastupaju\u0107i odmor.Da se dobro odmore od ovih dijasporaca i da se ponovo pripremaju za sljede\u0107u invaziju na\u0161e dijaspore. <\/span><\/span><br \/>\n<span style=\"font-size: 10pt;\"><span style=\"font-family: verdana,geneva;\"> Po\u0161to smo i mi bili\u00a0 na odmoru i u na\u0161em Hrankovi\u0107u,i ovaj put kao i do sada,vi\u0161e smo radili nego \u0161to smo odmarali.Pripremili smo Vam dosta novih slika,video snimaka,dosta dobrih pri\u010di i sva\u0161ta pone\u0161ta.Tako da je na nama da u sljede\u0107ih par dana sve to napi\u0161emo i postavimo na ovu stranicu a i vama uljep\u0161amo ove predstoje\u0107e Ramazanske dane kako bi ih \u0161to lak\u0161e do\u010dekali i u veselju ispostili.<\/span><\/span><br \/>\n<span style=\"font-size: 10pt;\"><span style=\"font-family: verdana,geneva;\"> Radio Hrankovi\u0107 po\u010dinjemo sa emitovanjem 22.Augusta,po\u0161to su na\u0161i DJ-ovi jo\u0161 uvjek u Bosni na odmoru,a do tada \u0107emo poku\u0161ati ispisati najva\u017enija de\u0161avanja iz Hrankovi\u0107a i ona koja su najva\u017enija za ovaj mjesec August.<\/span><\/span><\/p>\n<p><span style=\"font-size: 10pt;\"><span style=\"font-family: verdana,geneva;\"> Kao i svakog godi\u0161njeg odmora,Hrankovi\u0107 je svakodnevno vrvio od na\u0161ih hrankovljana koji su do\u0161li iz dalekog svijeta da posjete svoju rodbinu i svoja ku\u0107na ognji\u0161ta.Prema mome vi\u0111enju,na\u0161 rodni kraj je izgledao kao prije.To jest bio je pun,dvori\u0161ta su ure\u0111ena,sjedilo se ispred skoro svake ku\u0107e,jednostavno,bilo je u svakom dijelu sela veselo.<\/span><\/span><br \/>\n<span style=\"font-size: 10pt;\"><span style=\"font-family: verdana,geneva;\"> Igranke koje su se odr\u017eavale svake Nedjelje,bile su pune,kako omladine tako i ostalih koji su do\u0161li da se prisjete mladih dana.Jednostavno dru\u017eilo se i veselilo svakodnevno do kasnih ve\u010dernjih sati.<\/span><\/span><\/p>\n<p><span style=\"font-size: 10pt;\"><span style=\"font-family: verdana,geneva;\"> Moramo ovdje jo\u0161 re\u0107i da se radilo na planiranju raznih aktivnosti koje \u0107e se izvr\u0161avati u narednom periodu.Ali o ovim aktivnostimo \u0107emo pisati u narednim tekstovima.O svakoj aktivnosti pojedina\u010dno.<\/span><\/span><\/p>\n<p><span style=\"font-size: 10pt;\"><span style=\"font-family: verdana,geneva;\"> Ja mislim,ko god je ove godine do\u0161ao na odmor u Hrankovi\u0107 da se nije pokajao i da se niko od nas nije ravnodu\u0161an vratio u svoju zemlju prebivali\u0161ta.Jer stvarno je prelijepo bilo boraviti za sve ovo vrijeme u Hrankovi\u0107u.Samo je \u017ealosno \u0161to je to samo 2 mjeseca u godini.Ljep\u0161e bi bilo da je stalno tako.Ali takva nas je sudbina zadesila.A oni koji ove godine nisu mogli do\u0107i na odmor,bit \u0107e nam stvarno \u017eao \u0161to \u0107e se rastu\u017eiti gledaju\u0107i i \u010ditaju\u0107i tekstove o Hrankovi\u0107u.Ali im obe\u0107avamo da \u0107emo im sve detaljno prikazati tako da \u0107e se i oni osje\u0107ati kao da su bili.Ako Bogda do\u0107i \u0107e i oni sljede\u0107i put.<\/span><\/span><\/p>\n<p><span style=\"font-size: 10pt;\"><span style=\"font-family: verdana,geneva;\"> Dragi na\u0161i posjetioci.Mi smo napravili nove mape u na\u0161oj galeriji pod imenom &#8220;Ljeto u Hrankovi\u0107u 2009&#8221; i\u00a0 &#8221; Godi\u0161nji odmor 2009&#8221; .Postepeno \u0107emo ubacivati slike koje posjedujemo a tako i Vas molimo da nam va\u0161e slike po\u0161aljete na ve\u0107 poznatu meil adresu foto(@)hrankovic.eu,tako da vidimo kako ste se i Vi proveli za godi\u0161nje odmore.<\/span><\/span><br \/>\n<span style=\"font-size: 10pt;\"><span style=\"font-family: verdana,geneva;\"> U ovu prvu mapu stavljat \u0107emo samo one fotke koje su slikate u Hrankovi\u0107u a u drugu mapu sve ostale va\u0161e slike sa godi\u0161njih odmora.Zato navalite i \u0161aljite slike a mi \u0107emo se potruditi da ih u \u0161to skorijem vremenu postavimo u galeriju.<\/span><\/span><\/p>\n<p><span style=\"font-size: 10pt;\"><span style=\"font-family: verdana,geneva;\"> Ako imate neku interesantnu pri\u010du ili neku vijest iz Hrankovi\u0107a mo\u017eete nam tako\u0111e iste poslati na na\u0161e meilove.<\/span><\/span><br \/>\n<span style=\"font-size: 10pt;\"><span style=\"font-family: verdana,geneva;\"> Nakon ovih odmora mi kre\u0107emo sa punim kapacitetom u jo\u0161 boljoj formi i \u017eelji da prezentujemo na\u0161e rodno mjesto a nadamo se da \u0107e te nam i Vi u tom pomo\u0107i.<\/span><\/span><\/p>\n<p><span style=\"font-size: 10pt;\"><span style=\"font-family: verdana,geneva;\"> Esselamu Alejkum<\/span><\/span> Administracija Hrankovi\u0107 OnLine<\/p>\n","protected":false},"excerpt":{"rendered":"<p>Po\u0161tovani posjetioci.Evo nakon ovih godi\u0161njih odmora ponovo smo sa vama.Po\u0161to je danas 15 August,kre\u0107emo ponovo sa aktivnostima na ovoj stranici.Nadamo se da Vam nismo nedostajali i da ste se svi dobro odmorili od svakodnevnih aktivnosti. Tako\u0111e se nadamo da ste se dobro proveli na godi\u0161njim odmorima i da ste se zdravi i veseli ponovo vratili &hellip;<\/p>\n","protected":false},"author":3,"featured_media":880,"comment_status":"open","ping_status":"open","sticky":false,"template":"","format":"standard","meta":{"_crdt_document":"","_exactmetrics_skip_tracking":false,"_exactmetrics_sitenote_active":false,"_exactmetrics_sitenote_note":"","_exactmetrics_sitenote_category":0,"ngg_post_thumbnail":0,"footnotes":""},"categories":[90],"tags":[619,620],"class_list":["post-938","post","type-post","status-publish","format-standard","has-post-thumbnail","","category-vijesti-iz-hrankovica","tag-ponovo","tag-vama"],"yoast_head":"<!-- This site is optimized with the Yoast SEO plugin v27.4 - https:\/\/yoast.com\/product\/yoast-seo-wordpress\/ -->\n<title>Ponovo smo sa Vama &#8211; HRANKOVI\u0106 ONLINE<\/title>\n<meta name=\"robots\" content=\"index, follow, max-snippet:-1, max-image-preview:large, max-video-preview:-1\" \/>\n<link rel=\"canonical\" href=\"https:\/\/www.hrankovic.eu\/portal\/ponovo-smo-sa-vama\/\" \/>\n<meta property=\"og:locale\" content=\"bs_BA\" \/>\n<meta property=\"og:type\" content=\"article\" \/>\n<meta property=\"og:title\" content=\"Ponovo smo sa Vama &#8211; HRANKOVI\u0106 ONLINE\" \/>\n<meta property=\"og:description\" content=\"Po\u0161tovani posjetioci.Evo nakon ovih godi\u0161njih odmora ponovo smo sa vama.Po\u0161to je danas 15 August,kre\u0107emo ponovo sa aktivnostima na ovoj stranici.Nadamo se da Vam nismo nedostajali i da ste se svi dobro odmorili od svakodnevnih aktivnosti. Tako\u0111e se nadamo da ste se dobro proveli na godi\u0161njim odmorima i da ste se zdravi i veseli ponovo vratili &hellip;\" \/>\n<meta property=\"og:url\" content=\"https:\/\/www.hrankovic.eu\/portal\/ponovo-smo-sa-vama\/\" \/>\n<meta property=\"og:site_name\" content=\"HRANKOVI\u0106 ONLINE\" \/>\n<meta property=\"article:publisher\" content=\"https:\/\/www.facebook.com\/GHrankovic\/\" \/>\n<meta property=\"article:published_time\" content=\"2009-08-15T19:46:51+00:00\" \/>\n<meta property=\"article:modified_time\" content=\"2013-08-31T19:48:52+00:00\" \/>\n<meta property=\"og:image\" content=\"https:\/\/www.hrankovic.eu\/portal\/wp-content\/uploads\/2013\/08\/logo_big.jpg\" \/>\n\t<meta property=\"og:image:width\" content=\"700\" \/>\n\t<meta property=\"og:image:height\" content=\"400\" \/>\n\t<meta property=\"og:image:type\" content=\"image\/jpeg\" \/>\n<meta name=\"author\" content=\"Brato\" \/>\n<meta name=\"twitter:card\" content=\"summary_large_image\" \/>\n<meta name=\"twitter:label1\" content=\"Written by\" \/>\n\t<meta name=\"twitter:data1\" content=\"Brato\" \/>\n\t<meta name=\"twitter:label2\" content=\"Est. reading time\" \/>\n\t<meta name=\"twitter:data2\" content=\"3 minute\" \/>\n<script type=\"application\/ld+json\" class=\"yoast-schema-graph\">{\"@context\":\"https:\\\/\\\/schema.org\",\"@graph\":[{\"@type\":\"Article\",\"@id\":\"https:\\\/\\\/www.hrankovic.eu\\\/portal\\\/ponovo-smo-sa-vama\\\/#article\",\"isPartOf\":{\"@id\":\"https:\\\/\\\/www.hrankovic.eu\\\/portal\\\/ponovo-smo-sa-vama\\\/\"},\"author\":{\"name\":\"Brato\",\"@id\":\"https:\\\/\\\/www.hrankovic.eu\\\/portal\\\/#\\\/schema\\\/person\\\/b7d4074fe73014c5492bc46b11e63e9b\"},\"headline\":\"Ponovo smo sa Vama\",\"datePublished\":\"2009-08-15T19:46:51+00:00\",\"dateModified\":\"2013-08-31T19:48:52+00:00\",\"mainEntityOfPage\":{\"@id\":\"https:\\\/\\\/www.hrankovic.eu\\\/portal\\\/ponovo-smo-sa-vama\\\/\"},\"wordCount\":685,\"commentCount\":0,\"image\":{\"@id\":\"https:\\\/\\\/www.hrankovic.eu\\\/portal\\\/ponovo-smo-sa-vama\\\/#primaryimage\"},\"thumbnailUrl\":\"https:\\\/\\\/www.hrankovic.eu\\\/portal\\\/wp-content\\\/uploads\\\/2013\\\/08\\\/logo_big.jpg\",\"keywords\":[\"ponovo\",\"vama\"],\"articleSection\":[\"VIJESTI IZ HRANKOVI\u0106A\"],\"inLanguage\":\"bs-BA\",\"potentialAction\":[{\"@type\":\"CommentAction\",\"name\":\"Comment\",\"target\":[\"https:\\\/\\\/www.hrankovic.eu\\\/portal\\\/ponovo-smo-sa-vama\\\/#respond\"]}]},{\"@type\":\"WebPage\",\"@id\":\"https:\\\/\\\/www.hrankovic.eu\\\/portal\\\/ponovo-smo-sa-vama\\\/\",\"url\":\"https:\\\/\\\/www.hrankovic.eu\\\/portal\\\/ponovo-smo-sa-vama\\\/\",\"name\":\"Ponovo smo sa Vama &#8211; HRANKOVI\u0106 ONLINE\",\"isPartOf\":{\"@id\":\"https:\\\/\\\/www.hrankovic.eu\\\/portal\\\/#website\"},\"primaryImageOfPage\":{\"@id\":\"https:\\\/\\\/www.hrankovic.eu\\\/portal\\\/ponovo-smo-sa-vama\\\/#primaryimage\"},\"image\":{\"@id\":\"https:\\\/\\\/www.hrankovic.eu\\\/portal\\\/ponovo-smo-sa-vama\\\/#primaryimage\"},\"thumbnailUrl\":\"https:\\\/\\\/www.hrankovic.eu\\\/portal\\\/wp-content\\\/uploads\\\/2013\\\/08\\\/logo_big.jpg\",\"datePublished\":\"2009-08-15T19:46:51+00:00\",\"dateModified\":\"2013-08-31T19:48:52+00:00\",\"author\":{\"@id\":\"https:\\\/\\\/www.hrankovic.eu\\\/portal\\\/#\\\/schema\\\/person\\\/b7d4074fe73014c5492bc46b11e63e9b\"},\"breadcrumb\":{\"@id\":\"https:\\\/\\\/www.hrankovic.eu\\\/portal\\\/ponovo-smo-sa-vama\\\/#breadcrumb\"},\"inLanguage\":\"bs-BA\",\"potentialAction\":[{\"@type\":\"ReadAction\",\"target\":[\"https:\\\/\\\/www.hrankovic.eu\\\/portal\\\/ponovo-smo-sa-vama\\\/\"]}]},{\"@type\":\"ImageObject\",\"inLanguage\":\"bs-BA\",\"@id\":\"https:\\\/\\\/www.hrankovic.eu\\\/portal\\\/ponovo-smo-sa-vama\\\/#primaryimage\",\"url\":\"https:\\\/\\\/www.hrankovic.eu\\\/portal\\\/wp-content\\\/uploads\\\/2013\\\/08\\\/logo_big.jpg\",\"contentUrl\":\"https:\\\/\\\/www.hrankovic.eu\\\/portal\\\/wp-content\\\/uploads\\\/2013\\\/08\\\/logo_big.jpg\",\"width\":700,\"height\":400},{\"@type\":\"BreadcrumbList\",\"@id\":\"https:\\\/\\\/www.hrankovic.eu\\\/portal\\\/ponovo-smo-sa-vama\\\/#breadcrumb\",\"itemListElement\":[{\"@type\":\"ListItem\",\"position\":1,\"name\":\"Home\",\"item\":\"https:\\\/\\\/www.hrankovic.eu\\\/portal\\\/\"},{\"@type\":\"ListItem\",\"position\":2,\"name\":\"Ponovo smo sa Vama\"}]},{\"@type\":\"WebSite\",\"@id\":\"https:\\\/\\\/www.hrankovic.eu\\\/portal\\\/#website\",\"url\":\"https:\\\/\\\/www.hrankovic.eu\\\/portal\\\/\",\"name\":\"HRANKOVI\u0106 ONLINE\",\"description\":\"Korist za budu\u0107nost na\u0161eg HRANKOVI\u0106A\",\"potentialAction\":[{\"@type\":\"SearchAction\",\"target\":{\"@type\":\"EntryPoint\",\"urlTemplate\":\"https:\\\/\\\/www.hrankovic.eu\\\/portal\\\/?s={search_term_string}\"},\"query-input\":{\"@type\":\"PropertyValueSpecification\",\"valueRequired\":true,\"valueName\":\"search_term_string\"}}],\"inLanguage\":\"bs-BA\"},{\"@type\":\"Person\",\"@id\":\"https:\\\/\\\/www.hrankovic.eu\\\/portal\\\/#\\\/schema\\\/person\\\/b7d4074fe73014c5492bc46b11e63e9b\",\"name\":\"Brato\",\"image\":{\"@type\":\"ImageObject\",\"inLanguage\":\"bs-BA\",\"@id\":\"https:\\\/\\\/secure.gravatar.com\\\/avatar\\\/ba062e7c3f06b8800fc591718ed96d83500b5d65c2c7850ba1ba74d64699c356?s=96&d=wp_user_avatar&r=g\",\"url\":\"https:\\\/\\\/secure.gravatar.com\\\/avatar\\\/ba062e7c3f06b8800fc591718ed96d83500b5d65c2c7850ba1ba74d64699c356?s=96&d=wp_user_avatar&r=g\",\"contentUrl\":\"https:\\\/\\\/secure.gravatar.com\\\/avatar\\\/ba062e7c3f06b8800fc591718ed96d83500b5d65c2c7850ba1ba74d64699c356?s=96&d=wp_user_avatar&r=g\",\"caption\":\"Brato\"}}]}<\/script>\n<!-- \/ Yoast SEO plugin. -->","yoast_head_json":{"title":"Ponovo smo sa Vama &#8211; HRANKOVI\u0106 ONLINE","robots":{"index":"index","follow":"follow","max-snippet":"max-snippet:-1","max-image-preview":"max-image-preview:large","max-video-preview":"max-video-preview:-1"},"canonical":"https:\/\/www.hrankovic.eu\/portal\/ponovo-smo-sa-vama\/","og_locale":"bs_BA","og_type":"article","og_title":"Ponovo smo sa Vama &#8211; HRANKOVI\u0106 ONLINE","og_description":"Po\u0161tovani posjetioci.Evo nakon ovih godi\u0161njih odmora ponovo smo sa vama.Po\u0161to je danas 15 August,kre\u0107emo ponovo sa aktivnostima na ovoj stranici.Nadamo se da Vam nismo nedostajali i da ste se svi dobro odmorili od svakodnevnih aktivnosti. Tako\u0111e se nadamo da ste se dobro proveli na godi\u0161njim odmorima i da ste se zdravi i veseli ponovo vratili &hellip;","og_url":"https:\/\/www.hrankovic.eu\/portal\/ponovo-smo-sa-vama\/","og_site_name":"HRANKOVI\u0106 ONLINE","article_publisher":"https:\/\/www.facebook.com\/GHrankovic\/","article_published_time":"2009-08-15T19:46:51+00:00","article_modified_time":"2013-08-31T19:48:52+00:00","og_image":[{"width":700,"height":400,"url":"https:\/\/www.hrankovic.eu\/portal\/wp-content\/uploads\/2013\/08\/logo_big.jpg","type":"image\/jpeg"}],"author":"Brato","twitter_card":"summary_large_image","twitter_misc":{"Written by":"Brato","Est. reading time":"3 minute"},"schema":{"@context":"https:\/\/schema.org","@graph":[{"@type":"Article","@id":"https:\/\/www.hrankovic.eu\/portal\/ponovo-smo-sa-vama\/#article","isPartOf":{"@id":"https:\/\/www.hrankovic.eu\/portal\/ponovo-smo-sa-vama\/"},"author":{"name":"Brato","@id":"https:\/\/www.hrankovic.eu\/portal\/#\/schema\/person\/b7d4074fe73014c5492bc46b11e63e9b"},"headline":"Ponovo smo sa Vama","datePublished":"2009-08-15T19:46:51+00:00","dateModified":"2013-08-31T19:48:52+00:00","mainEntityOfPage":{"@id":"https:\/\/www.hrankovic.eu\/portal\/ponovo-smo-sa-vama\/"},"wordCount":685,"commentCount":0,"image":{"@id":"https:\/\/www.hrankovic.eu\/portal\/ponovo-smo-sa-vama\/#primaryimage"},"thumbnailUrl":"https:\/\/www.hrankovic.eu\/portal\/wp-content\/uploads\/2013\/08\/logo_big.jpg","keywords":["ponovo","vama"],"articleSection":["VIJESTI IZ HRANKOVI\u0106A"],"inLanguage":"bs-BA","potentialAction":[{"@type":"CommentAction","name":"Comment","target":["https:\/\/www.hrankovic.eu\/portal\/ponovo-smo-sa-vama\/#respond"]}]},{"@type":"WebPage","@id":"https:\/\/www.hrankovic.eu\/portal\/ponovo-smo-sa-vama\/","url":"https:\/\/www.hrankovic.eu\/portal\/ponovo-smo-sa-vama\/","name":"Ponovo smo sa Vama &#8211; HRANKOVI\u0106 ONLINE","isPartOf":{"@id":"https:\/\/www.hrankovic.eu\/portal\/#website"},"primaryImageOfPage":{"@id":"https:\/\/www.hrankovic.eu\/portal\/ponovo-smo-sa-vama\/#primaryimage"},"image":{"@id":"https:\/\/www.hrankovic.eu\/portal\/ponovo-smo-sa-vama\/#primaryimage"},"thumbnailUrl":"https:\/\/www.hrankovic.eu\/portal\/wp-content\/uploads\/2013\/08\/logo_big.jpg","datePublished":"2009-08-15T19:46:51+00:00","dateModified":"2013-08-31T19:48:52+00:00","author":{"@id":"https:\/\/www.hrankovic.eu\/portal\/#\/schema\/person\/b7d4074fe73014c5492bc46b11e63e9b"},"breadcrumb":{"@id":"https:\/\/www.hrankovic.eu\/portal\/ponovo-smo-sa-vama\/#breadcrumb"},"inLanguage":"bs-BA","potentialAction":[{"@type":"ReadAction","target":["https:\/\/www.hrankovic.eu\/portal\/ponovo-smo-sa-vama\/"]}]},{"@type":"ImageObject","inLanguage":"bs-BA","@id":"https:\/\/www.hrankovic.eu\/portal\/ponovo-smo-sa-vama\/#primaryimage","url":"https:\/\/www.hrankovic.eu\/portal\/wp-content\/uploads\/2013\/08\/logo_big.jpg","contentUrl":"https:\/\/www.hrankovic.eu\/portal\/wp-content\/uploads\/2013\/08\/logo_big.jpg","width":700,"height":400},{"@type":"BreadcrumbList","@id":"https:\/\/www.hrankovic.eu\/portal\/ponovo-smo-sa-vama\/#breadcrumb","itemListElement":[{"@type":"ListItem","position":1,"name":"Home","item":"https:\/\/www.hrankovic.eu\/portal\/"},{"@type":"ListItem","position":2,"name":"Ponovo smo sa Vama"}]},{"@type":"WebSite","@id":"https:\/\/www.hrankovic.eu\/portal\/#website","url":"https:\/\/www.hrankovic.eu\/portal\/","name":"HRANKOVI\u0106 ONLINE","description":"Korist za budu\u0107nost na\u0161eg HRANKOVI\u0106A","potentialAction":[{"@type":"SearchAction","target":{"@type":"EntryPoint","urlTemplate":"https:\/\/www.hrankovic.eu\/portal\/?s={search_term_string}"},"query-input":{"@type":"PropertyValueSpecification","valueRequired":true,"valueName":"search_term_string"}}],"inLanguage":"bs-BA"},{"@type":"Person","@id":"https:\/\/www.hrankovic.eu\/portal\/#\/schema\/person\/b7d4074fe73014c5492bc46b11e63e9b","name":"Brato","image":{"@type":"ImageObject","inLanguage":"bs-BA","@id":"https:\/\/secure.gravatar.com\/avatar\/ba062e7c3f06b8800fc591718ed96d83500b5d65c2c7850ba1ba74d64699c356?s=96&d=wp_user_avatar&r=g","url":"https:\/\/secure.gravatar.com\/avatar\/ba062e7c3f06b8800fc591718ed96d83500b5d65c2c7850ba1ba74d64699c356?s=96&d=wp_user_avatar&r=g","contentUrl":"https:\/\/secure.gravatar.com\/avatar\/ba062e7c3f06b8800fc591718ed96d83500b5d65c2c7850ba1ba74d64699c356?s=96&d=wp_user_avatar&r=g","caption":"Brato"}}]}},"_links":{"self":[{"href":"https:\/\/www.hrankovic.eu\/portal\/wp-json\/wp\/v2\/posts\/938","targetHints":{"allow":["GET"]}}],"collection":[{"href":"https:\/\/www.hrankovic.eu\/portal\/wp-json\/wp\/v2\/posts"}],"about":[{"href":"https:\/\/www.hrankovic.eu\/portal\/wp-json\/wp\/v2\/types\/post"}],"author":[{"embeddable":true,"href":"https:\/\/www.hrankovic.eu\/portal\/wp-json\/wp\/v2\/users\/3"}],"replies":[{"embeddable":true,"href":"https:\/\/www.hrankovic.eu\/portal\/wp-json\/wp\/v2\/comments?post=938"}],"version-history":[{"count":2,"href":"https:\/\/www.hrankovic.eu\/portal\/wp-json\/wp\/v2\/posts\/938\/revisions"}],"predecessor-version":[{"id":940,"href":"https:\/\/www.hrankovic.eu\/portal\/wp-json\/wp\/v2\/posts\/938\/revisions\/940"}],"wp:featuredmedia":[{"embeddable":true,"href":"https:\/\/www.hrankovic.eu\/portal\/wp-json\/wp\/v2\/media\/880"}],"wp:attachment":[{"href":"https:\/\/www.hrankovic.eu\/portal\/wp-json\/wp\/v2\/media?parent=938"}],"wp:term":[{"taxonomy":"category","embeddable":true,"href":"https:\/\/www.hrankovic.eu\/portal\/wp-json\/wp\/v2\/categories?post=938"},{"taxonomy":"post_tag","embeddable":true,"href":"https:\/\/www.hrankovic.eu\/portal\/wp-json\/wp\/v2\/tags?post=938"}],"curies":[{"name":"wp","href":"https:\/\/api.w.org\/{rel}","templated":true}]}}