{"id":844,"date":"2013-08-31T19:09:23","date_gmt":"2013-08-31T17:09:23","guid":{"rendered":"http:\/\/www.hrankovic.eu\/nova\/?p=844"},"modified":"2013-08-31T19:09:23","modified_gmt":"2013-08-31T17:09:23","slug":"jose-mourinho-moji-timovi-su-zrtve-zavjere-uefa-e","status":"publish","type":"post","link":"https:\/\/www.hrankovic.eu\/portal\/jose-mourinho-moji-timovi-su-zrtve-zavjere-uefa-e\/","title":{"rendered":"JOSE MOURINHO: Moji timovi su \u017ertve zavjere UEFA-e"},"content":{"rendered":"<p><strong>Trener Chelsija Jose Mourinho izjavio je poslije poraza od Bayern Municha da su svi timovi koje vode u evropskim takmi\u010denjima &#8220;\u017ertve zavjere UEFA-e&#8221;, javlja dopisnik agencije Anadolija. Mourinho tvrdi da su svi timovi koje on vodi \u017ertve zavjere EUFA-e, podsje\u0107aju\u0107i da je sino\u0107 Ramires isklju\u010den bez opravdanog razloga.<\/strong><\/p>\n<p>Portuglaski trener je nekoliko puta tokom me\u010da prigovarao sudiji Jonas Erikssonu.<\/p>\n<p>&#8220;\u0160vedski sudija je ubio utakmicu, ali i ovo evropsko takmi\u010denje. Crveni kartoni prate me cijelu karijeru igranja na takmi\u010denjima koja vodi UEFA&#8221;, rekao je Mourinho.<\/p>\n<p>Bayern Munich je poslije boljeg izvo\u0111enja jedanaesteraca savladao Chelsea, nakon \u0161to je peti penal za britanski tim proma\u0161io Romelu Lukaku. U regularnom toku me\u010da bilo je 1:1, a poslije produ\u017eetaka 2:2.<\/p>\n<p>Na kraju je novinarima kazao da je ipak ponosan na svoj tim, dodav\u0161i da je bolji tim izgubio.<\/p>\n<p>&#8220;Ponosan sam na svoj tim, ali smo na kraju ipak izgubili, a bili smo bolji. Igrali smo dosta dugo sa igra\u010dem manje, povla\u010dili se sve dublje i dublje. Mo\u017ee se \u010dak re\u0107i da smo i nesretno izgubili, s obzirom kada smo primili gol&#8221;, rekao je Mourinho.<\/p>\n","protected":false},"excerpt":{"rendered":"<p>Trener Chelsija Jose Mourinho izjavio je poslije poraza od Bayern Municha da su svi timovi koje vode u evropskim takmi\u010denjima &#8220;\u017ertve zavjere UEFA-e&#8221;, javlja dopisnik agencije Anadolija. Mourinho tvrdi da su svi timovi koje on vodi \u017ertve zavjere EUFA-e, podsje\u0107aju\u0107i da je sino\u0107 Ramires isklju\u010den bez opravdanog razloga. Portuglaski trener je nekoliko puta tokom me\u010da &hellip;<\/p>\n","protected":false},"author":2,"featured_media":845,"comment_status":"open","ping_status":"open","sticky":false,"template":"","format":"standard","meta":{"_crdt_document":"","_exactmetrics_skip_tracking":false,"_exactmetrics_sitenote_active":false,"_exactmetrics_sitenote_note":"","_exactmetrics_sitenote_category":0,"ngg_post_thumbnail":0,"footnotes":""},"categories":[92,3],"tags":[526,528,527,529,531,530],"class_list":["post-844","post","type-post","status-publish","format-standard","has-post-thumbnail","","category-fudbal","category-sport","tag-jose","tag-moji","tag-mourinho","tag-timovi","tag-uefa-e","tag-zavjere"],"yoast_head":"<!-- This site is optimized with the Yoast SEO plugin v27.5 - https:\/\/yoast.com\/product\/yoast-seo-wordpress\/ -->\n<title>JOSE MOURINHO: Moji timovi su \u017ertve zavjere UEFA-e &#8211; HRANKOVI\u0106 ONLINE<\/title>\n<meta name=\"robots\" content=\"index, follow, max-snippet:-1, max-image-preview:large, max-video-preview:-1\" \/>\n<link rel=\"canonical\" href=\"https:\/\/www.hrankovic.eu\/portal\/jose-mourinho-moji-timovi-su-zrtve-zavjere-uefa-e\/\" \/>\n<meta property=\"og:locale\" content=\"bs_BA\" \/>\n<meta property=\"og:type\" content=\"article\" \/>\n<meta property=\"og:title\" content=\"JOSE MOURINHO: Moji timovi su \u017ertve zavjere UEFA-e &#8211; HRANKOVI\u0106 ONLINE\" \/>\n<meta property=\"og:description\" content=\"Trener Chelsija Jose Mourinho izjavio je poslije poraza od Bayern Municha da su svi timovi koje vode u evropskim takmi\u010denjima &#8220;\u017ertve zavjere UEFA-e&#8221;, javlja dopisnik agencije Anadolija. Mourinho tvrdi da su svi timovi koje on vodi \u017ertve zavjere EUFA-e, podsje\u0107aju\u0107i da je sino\u0107 Ramires isklju\u010den bez opravdanog razloga. Portuglaski trener je nekoliko puta tokom me\u010da &hellip;\" \/>\n<meta property=\"og:url\" content=\"https:\/\/www.hrankovic.eu\/portal\/jose-mourinho-moji-timovi-su-zrtve-zavjere-uefa-e\/\" \/>\n<meta property=\"og:site_name\" content=\"HRANKOVI\u0106 ONLINE\" \/>\n<meta property=\"article:publisher\" content=\"https:\/\/www.facebook.com\/GHrankovic\/\" \/>\n<meta property=\"article:author\" content=\"https:\/\/www.facebook.com\/hrankovljanin\" \/>\n<meta property=\"article:published_time\" content=\"2013-08-31T17:09:23+00:00\" \/>\n<meta property=\"og:image\" content=\"https:\/\/www.hrankovic.eu\/portal\/wp-content\/uploads\/2013\/08\/mourinho200513.jpg\" \/>\n\t<meta property=\"og:image:width\" content=\"492\" \/>\n\t<meta property=\"og:image:height\" content=\"300\" \/>\n\t<meta property=\"og:image:type\" content=\"image\/jpeg\" \/>\n<meta name=\"author\" content=\"El_San\" \/>\n<meta name=\"twitter:card\" content=\"summary_large_image\" \/>\n<meta name=\"twitter:label1\" content=\"Written by\" \/>\n\t<meta name=\"twitter:data1\" content=\"El_San\" \/>\n\t<meta name=\"twitter:label2\" content=\"Est. reading time\" \/>\n\t<meta name=\"twitter:data2\" content=\"1 minuta\" \/>\n<script type=\"application\/ld+json\" class=\"yoast-schema-graph\">{\"@context\":\"https:\\\/\\\/schema.org\",\"@graph\":[{\"@type\":\"Article\",\"@id\":\"https:\\\/\\\/www.hrankovic.eu\\\/portal\\\/jose-mourinho-moji-timovi-su-zrtve-zavjere-uefa-e\\\/#article\",\"isPartOf\":{\"@id\":\"https:\\\/\\\/www.hrankovic.eu\\\/portal\\\/jose-mourinho-moji-timovi-su-zrtve-zavjere-uefa-e\\\/\"},\"author\":{\"name\":\"El_San\",\"@id\":\"https:\\\/\\\/www.hrankovic.eu\\\/portal\\\/#\\\/schema\\\/person\\\/525ec15f5e49246a31046f58ad14f0e8\"},\"headline\":\"JOSE MOURINHO: Moji timovi su \u017ertve zavjere UEFA-e\",\"datePublished\":\"2013-08-31T17:09:23+00:00\",\"mainEntityOfPage\":{\"@id\":\"https:\\\/\\\/www.hrankovic.eu\\\/portal\\\/jose-mourinho-moji-timovi-su-zrtve-zavjere-uefa-e\\\/\"},\"wordCount\":201,\"commentCount\":0,\"image\":{\"@id\":\"https:\\\/\\\/www.hrankovic.eu\\\/portal\\\/jose-mourinho-moji-timovi-su-zrtve-zavjere-uefa-e\\\/#primaryimage\"},\"thumbnailUrl\":\"https:\\\/\\\/www.hrankovic.eu\\\/portal\\\/wp-content\\\/uploads\\\/2013\\\/08\\\/mourinho200513.jpg\",\"keywords\":[\"jose\",\"moji\",\"mourinho:\",\"timovi\",\"uefa-e\",\"zavjere\"],\"articleSection\":[\"FUDBAL\",\"SPORT\"],\"inLanguage\":\"bs-BA\",\"potentialAction\":[{\"@type\":\"CommentAction\",\"name\":\"Comment\",\"target\":[\"https:\\\/\\\/www.hrankovic.eu\\\/portal\\\/jose-mourinho-moji-timovi-su-zrtve-zavjere-uefa-e\\\/#respond\"]}]},{\"@type\":\"WebPage\",\"@id\":\"https:\\\/\\\/www.hrankovic.eu\\\/portal\\\/jose-mourinho-moji-timovi-su-zrtve-zavjere-uefa-e\\\/\",\"url\":\"https:\\\/\\\/www.hrankovic.eu\\\/portal\\\/jose-mourinho-moji-timovi-su-zrtve-zavjere-uefa-e\\\/\",\"name\":\"JOSE MOURINHO: Moji timovi su \u017ertve zavjere UEFA-e &#8211; HRANKOVI\u0106 ONLINE\",\"isPartOf\":{\"@id\":\"https:\\\/\\\/www.hrankovic.eu\\\/portal\\\/#website\"},\"primaryImageOfPage\":{\"@id\":\"https:\\\/\\\/www.hrankovic.eu\\\/portal\\\/jose-mourinho-moji-timovi-su-zrtve-zavjere-uefa-e\\\/#primaryimage\"},\"image\":{\"@id\":\"https:\\\/\\\/www.hrankovic.eu\\\/portal\\\/jose-mourinho-moji-timovi-su-zrtve-zavjere-uefa-e\\\/#primaryimage\"},\"thumbnailUrl\":\"https:\\\/\\\/www.hrankovic.eu\\\/portal\\\/wp-content\\\/uploads\\\/2013\\\/08\\\/mourinho200513.jpg\",\"datePublished\":\"2013-08-31T17:09:23+00:00\",\"author\":{\"@id\":\"https:\\\/\\\/www.hrankovic.eu\\\/portal\\\/#\\\/schema\\\/person\\\/525ec15f5e49246a31046f58ad14f0e8\"},\"breadcrumb\":{\"@id\":\"https:\\\/\\\/www.hrankovic.eu\\\/portal\\\/jose-mourinho-moji-timovi-su-zrtve-zavjere-uefa-e\\\/#breadcrumb\"},\"inLanguage\":\"bs-BA\",\"potentialAction\":[{\"@type\":\"ReadAction\",\"target\":[\"https:\\\/\\\/www.hrankovic.eu\\\/portal\\\/jose-mourinho-moji-timovi-su-zrtve-zavjere-uefa-e\\\/\"]}]},{\"@type\":\"ImageObject\",\"inLanguage\":\"bs-BA\",\"@id\":\"https:\\\/\\\/www.hrankovic.eu\\\/portal\\\/jose-mourinho-moji-timovi-su-zrtve-zavjere-uefa-e\\\/#primaryimage\",\"url\":\"https:\\\/\\\/www.hrankovic.eu\\\/portal\\\/wp-content\\\/uploads\\\/2013\\\/08\\\/mourinho200513.jpg\",\"contentUrl\":\"https:\\\/\\\/www.hrankovic.eu\\\/portal\\\/wp-content\\\/uploads\\\/2013\\\/08\\\/mourinho200513.jpg\",\"width\":492,\"height\":300},{\"@type\":\"BreadcrumbList\",\"@id\":\"https:\\\/\\\/www.hrankovic.eu\\\/portal\\\/jose-mourinho-moji-timovi-su-zrtve-zavjere-uefa-e\\\/#breadcrumb\",\"itemListElement\":[{\"@type\":\"ListItem\",\"position\":1,\"name\":\"Home\",\"item\":\"https:\\\/\\\/www.hrankovic.eu\\\/portal\\\/\"},{\"@type\":\"ListItem\",\"position\":2,\"name\":\"JOSE MOURINHO: Moji timovi su \u017ertve zavjere UEFA-e\"}]},{\"@type\":\"WebSite\",\"@id\":\"https:\\\/\\\/www.hrankovic.eu\\\/portal\\\/#website\",\"url\":\"https:\\\/\\\/www.hrankovic.eu\\\/portal\\\/\",\"name\":\"HRANKOVI\u0106 ONLINE\",\"description\":\"Korist za budu\u0107nost na\u0161eg HRANKOVI\u0106A\",\"potentialAction\":[{\"@type\":\"SearchAction\",\"target\":{\"@type\":\"EntryPoint\",\"urlTemplate\":\"https:\\\/\\\/www.hrankovic.eu\\\/portal\\\/?s={search_term_string}\"},\"query-input\":{\"@type\":\"PropertyValueSpecification\",\"valueRequired\":true,\"valueName\":\"search_term_string\"}}],\"inLanguage\":\"bs-BA\"},{\"@type\":\"Person\",\"@id\":\"https:\\\/\\\/www.hrankovic.eu\\\/portal\\\/#\\\/schema\\\/person\\\/525ec15f5e49246a31046f58ad14f0e8\",\"name\":\"El_San\",\"image\":{\"@type\":\"ImageObject\",\"inLanguage\":\"bs-BA\",\"@id\":\"https:\\\/\\\/secure.gravatar.com\\\/avatar\\\/d4b5b3419e24d66a6541e9866871acc9839d89a80d14476aa522b02368193380?s=96&d=wp_user_avatar&r=g\",\"url\":\"https:\\\/\\\/secure.gravatar.com\\\/avatar\\\/d4b5b3419e24d66a6541e9866871acc9839d89a80d14476aa522b02368193380?s=96&d=wp_user_avatar&r=g\",\"contentUrl\":\"https:\\\/\\\/secure.gravatar.com\\\/avatar\\\/d4b5b3419e24d66a6541e9866871acc9839d89a80d14476aa522b02368193380?s=96&d=wp_user_avatar&r=g\",\"caption\":\"El_San\"},\"sameAs\":[\"https:\\\/\\\/www.facebook.com\\\/hrankovljanin\"]}]}<\/script>\n<!-- \/ Yoast SEO plugin. -->","yoast_head_json":{"title":"JOSE MOURINHO: Moji timovi su \u017ertve zavjere UEFA-e &#8211; HRANKOVI\u0106 ONLINE","robots":{"index":"index","follow":"follow","max-snippet":"max-snippet:-1","max-image-preview":"max-image-preview:large","max-video-preview":"max-video-preview:-1"},"canonical":"https:\/\/www.hrankovic.eu\/portal\/jose-mourinho-moji-timovi-su-zrtve-zavjere-uefa-e\/","og_locale":"bs_BA","og_type":"article","og_title":"JOSE MOURINHO: Moji timovi su \u017ertve zavjere UEFA-e &#8211; HRANKOVI\u0106 ONLINE","og_description":"Trener Chelsija Jose Mourinho izjavio je poslije poraza od Bayern Municha da su svi timovi koje vode u evropskim takmi\u010denjima &#8220;\u017ertve zavjere UEFA-e&#8221;, javlja dopisnik agencije Anadolija. Mourinho tvrdi da su svi timovi koje on vodi \u017ertve zavjere EUFA-e, podsje\u0107aju\u0107i da je sino\u0107 Ramires isklju\u010den bez opravdanog razloga. Portuglaski trener je nekoliko puta tokom me\u010da &hellip;","og_url":"https:\/\/www.hrankovic.eu\/portal\/jose-mourinho-moji-timovi-su-zrtve-zavjere-uefa-e\/","og_site_name":"HRANKOVI\u0106 ONLINE","article_publisher":"https:\/\/www.facebook.com\/GHrankovic\/","article_author":"https:\/\/www.facebook.com\/hrankovljanin","article_published_time":"2013-08-31T17:09:23+00:00","og_image":[{"width":492,"height":300,"url":"https:\/\/www.hrankovic.eu\/portal\/wp-content\/uploads\/2013\/08\/mourinho200513.jpg","type":"image\/jpeg"}],"author":"El_San","twitter_card":"summary_large_image","twitter_misc":{"Written by":"El_San","Est. reading time":"1 minuta"},"schema":{"@context":"https:\/\/schema.org","@graph":[{"@type":"Article","@id":"https:\/\/www.hrankovic.eu\/portal\/jose-mourinho-moji-timovi-su-zrtve-zavjere-uefa-e\/#article","isPartOf":{"@id":"https:\/\/www.hrankovic.eu\/portal\/jose-mourinho-moji-timovi-su-zrtve-zavjere-uefa-e\/"},"author":{"name":"El_San","@id":"https:\/\/www.hrankovic.eu\/portal\/#\/schema\/person\/525ec15f5e49246a31046f58ad14f0e8"},"headline":"JOSE MOURINHO: Moji timovi su \u017ertve zavjere UEFA-e","datePublished":"2013-08-31T17:09:23+00:00","mainEntityOfPage":{"@id":"https:\/\/www.hrankovic.eu\/portal\/jose-mourinho-moji-timovi-su-zrtve-zavjere-uefa-e\/"},"wordCount":201,"commentCount":0,"image":{"@id":"https:\/\/www.hrankovic.eu\/portal\/jose-mourinho-moji-timovi-su-zrtve-zavjere-uefa-e\/#primaryimage"},"thumbnailUrl":"https:\/\/www.hrankovic.eu\/portal\/wp-content\/uploads\/2013\/08\/mourinho200513.jpg","keywords":["jose","moji","mourinho:","timovi","uefa-e","zavjere"],"articleSection":["FUDBAL","SPORT"],"inLanguage":"bs-BA","potentialAction":[{"@type":"CommentAction","name":"Comment","target":["https:\/\/www.hrankovic.eu\/portal\/jose-mourinho-moji-timovi-su-zrtve-zavjere-uefa-e\/#respond"]}]},{"@type":"WebPage","@id":"https:\/\/www.hrankovic.eu\/portal\/jose-mourinho-moji-timovi-su-zrtve-zavjere-uefa-e\/","url":"https:\/\/www.hrankovic.eu\/portal\/jose-mourinho-moji-timovi-su-zrtve-zavjere-uefa-e\/","name":"JOSE MOURINHO: Moji timovi su \u017ertve zavjere UEFA-e &#8211; HRANKOVI\u0106 ONLINE","isPartOf":{"@id":"https:\/\/www.hrankovic.eu\/portal\/#website"},"primaryImageOfPage":{"@id":"https:\/\/www.hrankovic.eu\/portal\/jose-mourinho-moji-timovi-su-zrtve-zavjere-uefa-e\/#primaryimage"},"image":{"@id":"https:\/\/www.hrankovic.eu\/portal\/jose-mourinho-moji-timovi-su-zrtve-zavjere-uefa-e\/#primaryimage"},"thumbnailUrl":"https:\/\/www.hrankovic.eu\/portal\/wp-content\/uploads\/2013\/08\/mourinho200513.jpg","datePublished":"2013-08-31T17:09:23+00:00","author":{"@id":"https:\/\/www.hrankovic.eu\/portal\/#\/schema\/person\/525ec15f5e49246a31046f58ad14f0e8"},"breadcrumb":{"@id":"https:\/\/www.hrankovic.eu\/portal\/jose-mourinho-moji-timovi-su-zrtve-zavjere-uefa-e\/#breadcrumb"},"inLanguage":"bs-BA","potentialAction":[{"@type":"ReadAction","target":["https:\/\/www.hrankovic.eu\/portal\/jose-mourinho-moji-timovi-su-zrtve-zavjere-uefa-e\/"]}]},{"@type":"ImageObject","inLanguage":"bs-BA","@id":"https:\/\/www.hrankovic.eu\/portal\/jose-mourinho-moji-timovi-su-zrtve-zavjere-uefa-e\/#primaryimage","url":"https:\/\/www.hrankovic.eu\/portal\/wp-content\/uploads\/2013\/08\/mourinho200513.jpg","contentUrl":"https:\/\/www.hrankovic.eu\/portal\/wp-content\/uploads\/2013\/08\/mourinho200513.jpg","width":492,"height":300},{"@type":"BreadcrumbList","@id":"https:\/\/www.hrankovic.eu\/portal\/jose-mourinho-moji-timovi-su-zrtve-zavjere-uefa-e\/#breadcrumb","itemListElement":[{"@type":"ListItem","position":1,"name":"Home","item":"https:\/\/www.hrankovic.eu\/portal\/"},{"@type":"ListItem","position":2,"name":"JOSE MOURINHO: Moji timovi su \u017ertve zavjere UEFA-e"}]},{"@type":"WebSite","@id":"https:\/\/www.hrankovic.eu\/portal\/#website","url":"https:\/\/www.hrankovic.eu\/portal\/","name":"HRANKOVI\u0106 ONLINE","description":"Korist za budu\u0107nost na\u0161eg HRANKOVI\u0106A","potentialAction":[{"@type":"SearchAction","target":{"@type":"EntryPoint","urlTemplate":"https:\/\/www.hrankovic.eu\/portal\/?s={search_term_string}"},"query-input":{"@type":"PropertyValueSpecification","valueRequired":true,"valueName":"search_term_string"}}],"inLanguage":"bs-BA"},{"@type":"Person","@id":"https:\/\/www.hrankovic.eu\/portal\/#\/schema\/person\/525ec15f5e49246a31046f58ad14f0e8","name":"El_San","image":{"@type":"ImageObject","inLanguage":"bs-BA","@id":"https:\/\/secure.gravatar.com\/avatar\/d4b5b3419e24d66a6541e9866871acc9839d89a80d14476aa522b02368193380?s=96&d=wp_user_avatar&r=g","url":"https:\/\/secure.gravatar.com\/avatar\/d4b5b3419e24d66a6541e9866871acc9839d89a80d14476aa522b02368193380?s=96&d=wp_user_avatar&r=g","contentUrl":"https:\/\/secure.gravatar.com\/avatar\/d4b5b3419e24d66a6541e9866871acc9839d89a80d14476aa522b02368193380?s=96&d=wp_user_avatar&r=g","caption":"El_San"},"sameAs":["https:\/\/www.facebook.com\/hrankovljanin"]}]}},"_links":{"self":[{"href":"https:\/\/www.hrankovic.eu\/portal\/wp-json\/wp\/v2\/posts\/844","targetHints":{"allow":["GET"]}}],"collection":[{"href":"https:\/\/www.hrankovic.eu\/portal\/wp-json\/wp\/v2\/posts"}],"about":[{"href":"https:\/\/www.hrankovic.eu\/portal\/wp-json\/wp\/v2\/types\/post"}],"author":[{"embeddable":true,"href":"https:\/\/www.hrankovic.eu\/portal\/wp-json\/wp\/v2\/users\/2"}],"replies":[{"embeddable":true,"href":"https:\/\/www.hrankovic.eu\/portal\/wp-json\/wp\/v2\/comments?post=844"}],"version-history":[{"count":1,"href":"https:\/\/www.hrankovic.eu\/portal\/wp-json\/wp\/v2\/posts\/844\/revisions"}],"predecessor-version":[{"id":846,"href":"https:\/\/www.hrankovic.eu\/portal\/wp-json\/wp\/v2\/posts\/844\/revisions\/846"}],"wp:featuredmedia":[{"embeddable":true,"href":"https:\/\/www.hrankovic.eu\/portal\/wp-json\/wp\/v2\/media\/845"}],"wp:attachment":[{"href":"https:\/\/www.hrankovic.eu\/portal\/wp-json\/wp\/v2\/media?parent=844"}],"wp:term":[{"taxonomy":"category","embeddable":true,"href":"https:\/\/www.hrankovic.eu\/portal\/wp-json\/wp\/v2\/categories?post=844"},{"taxonomy":"post_tag","embeddable":true,"href":"https:\/\/www.hrankovic.eu\/portal\/wp-json\/wp\/v2\/tags?post=844"}],"curies":[{"name":"wp","href":"https:\/\/api.w.org\/{rel}","templated":true}]}}