{"id":6717,"date":"2016-04-23T13:11:18","date_gmt":"2016-04-23T11:11:18","guid":{"rendered":"http:\/\/www.hrankovic.eu\/portal\/?p=6717"},"modified":"2016-04-23T13:11:18","modified_gmt":"2016-04-23T11:11:18","slug":"video-fuad-kasumovic-u-cd-u-bakire-trebamo-li-da-se-staramo-o-drzavi-ili-o-entitetima","status":"publish","type":"post","link":"https:\/\/www.hrankovic.eu\/portal\/video-fuad-kasumovic-u-cd-u-bakire-trebamo-li-da-se-staramo-o-drzavi-ili-o-entitetima\/","title":{"rendered":"VIDEO\/\/ Fuad Kasumovi\u0107 u CD-u: Bakire trebamo li da se staramo o dr\u017eavi ili o entitetima?"},"content":{"rendered":"<p>Hrabrost i iskrenost gospodina Fuada Kasumovi\u0107a koji je sino\u0107 javno na televiziji FACE objasnio kako se kradu milijarde maraka u Bosni i Hercegovini,kako se pojedinci bogate,kako Federacija odr\u017eava u \u017eivotu Republiku Srpsku i jo\u0161 puno toga.Pogledajte u prilo\u017eenom videu pa mo\u017eda nam se svima otvore o\u010di.<\/p>\n","protected":false},"excerpt":{"rendered":"<p>Hrabrost i iskrenost gospodina Fuada Kasumovi\u0107a koji je sino\u0107 javno na televiziji FACE objasnio kako se kradu milijarde maraka u Bosni i Hercegovini,kako se pojedinci bogate,kako Federacija odr\u017eava u \u017eivotu Republiku Srpsku i jo\u0161 puno toga.Pogledajte u prilo\u017eenom videu pa mo\u017eda nam se svima otvore o\u010di.<\/p>\n","protected":false},"author":1150,"featured_media":6718,"comment_status":"open","ping_status":"closed","sticky":false,"template":"","format":"standard","meta":{"_crdt_document":"","_exactmetrics_skip_tracking":false,"_exactmetrics_sitenote_active":false,"_exactmetrics_sitenote_note":"","_exactmetrics_sitenote_category":0,"ngg_post_thumbnail":0,"footnotes":""},"categories":[5],"tags":[],"class_list":["post-6717","post","type-post","status-publish","format-standard","has-post-thumbnail","","category-video"],"yoast_head":"<!-- This site is optimized with the Yoast SEO plugin v27.5 - https:\/\/yoast.com\/product\/yoast-seo-wordpress\/ -->\n<title>VIDEO\/\/ Fuad Kasumovi\u0107 u CD-u: Bakire trebamo li da se staramo o dr\u017eavi ili o entitetima? &#8211; HRANKOVI\u0106 ONLINE<\/title>\n<meta name=\"robots\" content=\"index, follow, max-snippet:-1, max-image-preview:large, max-video-preview:-1\" \/>\n<link rel=\"canonical\" href=\"https:\/\/www.hrankovic.eu\/portal\/video-fuad-kasumovic-u-cd-u-bakire-trebamo-li-da-se-staramo-o-drzavi-ili-o-entitetima\/\" \/>\n<meta property=\"og:locale\" content=\"bs_BA\" \/>\n<meta property=\"og:type\" content=\"article\" \/>\n<meta property=\"og:title\" content=\"VIDEO\/\/ Fuad Kasumovi\u0107 u CD-u: Bakire trebamo li da se staramo o dr\u017eavi ili o entitetima? &#8211; HRANKOVI\u0106 ONLINE\" \/>\n<meta property=\"og:description\" content=\"Hrabrost i iskrenost gospodina Fuada Kasumovi\u0107a koji je sino\u0107 javno na televiziji FACE objasnio kako se kradu milijarde maraka u Bosni i Hercegovini,kako se pojedinci bogate,kako Federacija odr\u017eava u \u017eivotu Republiku Srpsku i jo\u0161 puno toga.Pogledajte u prilo\u017eenom videu pa mo\u017eda nam se svima otvore o\u010di.\" \/>\n<meta property=\"og:url\" content=\"https:\/\/www.hrankovic.eu\/portal\/video-fuad-kasumovic-u-cd-u-bakire-trebamo-li-da-se-staramo-o-drzavi-ili-o-entitetima\/\" \/>\n<meta property=\"og:site_name\" content=\"HRANKOVI\u0106 ONLINE\" \/>\n<meta property=\"article:publisher\" content=\"https:\/\/www.facebook.com\/GHrankovic\/\" \/>\n<meta property=\"article:published_time\" content=\"2016-04-23T11:11:18+00:00\" \/>\n<meta property=\"og:image\" content=\"https:\/\/www.hrankovic.eu\/portal\/wp-content\/uploads\/2016\/04\/Fuad_kasumovic.jpg\" \/>\n\t<meta property=\"og:image:width\" content=\"806\" \/>\n\t<meta property=\"og:image:height\" content=\"433\" \/>\n\t<meta property=\"og:image:type\" content=\"image\/jpeg\" \/>\n<meta name=\"author\" content=\"REDAKCIJA\" \/>\n<meta name=\"twitter:card\" content=\"summary_large_image\" \/>\n<meta name=\"twitter:label1\" content=\"Written by\" \/>\n\t<meta name=\"twitter:data1\" content=\"REDAKCIJA\" \/>\n<script type=\"application\/ld+json\" class=\"yoast-schema-graph\">{\"@context\":\"https:\\\/\\\/schema.org\",\"@graph\":[{\"@type\":\"Article\",\"@id\":\"https:\\\/\\\/www.hrankovic.eu\\\/portal\\\/video-fuad-kasumovic-u-cd-u-bakire-trebamo-li-da-se-staramo-o-drzavi-ili-o-entitetima\\\/#article\",\"isPartOf\":{\"@id\":\"https:\\\/\\\/www.hrankovic.eu\\\/portal\\\/video-fuad-kasumovic-u-cd-u-bakire-trebamo-li-da-se-staramo-o-drzavi-ili-o-entitetima\\\/\"},\"author\":{\"name\":\"REDAKCIJA\",\"@id\":\"https:\\\/\\\/www.hrankovic.eu\\\/portal\\\/#\\\/schema\\\/person\\\/6d7d8691a307fb4ea628d9f3cd6856cc\"},\"headline\":\"VIDEO\\\/\\\/ Fuad Kasumovi\u0107 u CD-u: Bakire trebamo li da se staramo o dr\u017eavi ili o entitetima?\",\"datePublished\":\"2016-04-23T11:11:18+00:00\",\"mainEntityOfPage\":{\"@id\":\"https:\\\/\\\/www.hrankovic.eu\\\/portal\\\/video-fuad-kasumovic-u-cd-u-bakire-trebamo-li-da-se-staramo-o-drzavi-ili-o-entitetima\\\/\"},\"wordCount\":71,\"commentCount\":0,\"image\":{\"@id\":\"https:\\\/\\\/www.hrankovic.eu\\\/portal\\\/video-fuad-kasumovic-u-cd-u-bakire-trebamo-li-da-se-staramo-o-drzavi-ili-o-entitetima\\\/#primaryimage\"},\"thumbnailUrl\":\"https:\\\/\\\/www.hrankovic.eu\\\/portal\\\/wp-content\\\/uploads\\\/2016\\\/04\\\/Fuad_kasumovic.jpg\",\"articleSection\":[\"VIDEO\"],\"inLanguage\":\"bs-BA\",\"potentialAction\":[{\"@type\":\"CommentAction\",\"name\":\"Comment\",\"target\":[\"https:\\\/\\\/www.hrankovic.eu\\\/portal\\\/video-fuad-kasumovic-u-cd-u-bakire-trebamo-li-da-se-staramo-o-drzavi-ili-o-entitetima\\\/#respond\"]}]},{\"@type\":\"WebPage\",\"@id\":\"https:\\\/\\\/www.hrankovic.eu\\\/portal\\\/video-fuad-kasumovic-u-cd-u-bakire-trebamo-li-da-se-staramo-o-drzavi-ili-o-entitetima\\\/\",\"url\":\"https:\\\/\\\/www.hrankovic.eu\\\/portal\\\/video-fuad-kasumovic-u-cd-u-bakire-trebamo-li-da-se-staramo-o-drzavi-ili-o-entitetima\\\/\",\"name\":\"VIDEO\\\/\\\/ Fuad Kasumovi\u0107 u CD-u: Bakire trebamo li da se staramo o dr\u017eavi ili o entitetima? &#8211; HRANKOVI\u0106 ONLINE\",\"isPartOf\":{\"@id\":\"https:\\\/\\\/www.hrankovic.eu\\\/portal\\\/#website\"},\"primaryImageOfPage\":{\"@id\":\"https:\\\/\\\/www.hrankovic.eu\\\/portal\\\/video-fuad-kasumovic-u-cd-u-bakire-trebamo-li-da-se-staramo-o-drzavi-ili-o-entitetima\\\/#primaryimage\"},\"image\":{\"@id\":\"https:\\\/\\\/www.hrankovic.eu\\\/portal\\\/video-fuad-kasumovic-u-cd-u-bakire-trebamo-li-da-se-staramo-o-drzavi-ili-o-entitetima\\\/#primaryimage\"},\"thumbnailUrl\":\"https:\\\/\\\/www.hrankovic.eu\\\/portal\\\/wp-content\\\/uploads\\\/2016\\\/04\\\/Fuad_kasumovic.jpg\",\"datePublished\":\"2016-04-23T11:11:18+00:00\",\"author\":{\"@id\":\"https:\\\/\\\/www.hrankovic.eu\\\/portal\\\/#\\\/schema\\\/person\\\/6d7d8691a307fb4ea628d9f3cd6856cc\"},\"breadcrumb\":{\"@id\":\"https:\\\/\\\/www.hrankovic.eu\\\/portal\\\/video-fuad-kasumovic-u-cd-u-bakire-trebamo-li-da-se-staramo-o-drzavi-ili-o-entitetima\\\/#breadcrumb\"},\"inLanguage\":\"bs-BA\",\"potentialAction\":[{\"@type\":\"ReadAction\",\"target\":[\"https:\\\/\\\/www.hrankovic.eu\\\/portal\\\/video-fuad-kasumovic-u-cd-u-bakire-trebamo-li-da-se-staramo-o-drzavi-ili-o-entitetima\\\/\"]}]},{\"@type\":\"ImageObject\",\"inLanguage\":\"bs-BA\",\"@id\":\"https:\\\/\\\/www.hrankovic.eu\\\/portal\\\/video-fuad-kasumovic-u-cd-u-bakire-trebamo-li-da-se-staramo-o-drzavi-ili-o-entitetima\\\/#primaryimage\",\"url\":\"https:\\\/\\\/www.hrankovic.eu\\\/portal\\\/wp-content\\\/uploads\\\/2016\\\/04\\\/Fuad_kasumovic.jpg\",\"contentUrl\":\"https:\\\/\\\/www.hrankovic.eu\\\/portal\\\/wp-content\\\/uploads\\\/2016\\\/04\\\/Fuad_kasumovic.jpg\",\"width\":806,\"height\":433},{\"@type\":\"BreadcrumbList\",\"@id\":\"https:\\\/\\\/www.hrankovic.eu\\\/portal\\\/video-fuad-kasumovic-u-cd-u-bakire-trebamo-li-da-se-staramo-o-drzavi-ili-o-entitetima\\\/#breadcrumb\",\"itemListElement\":[{\"@type\":\"ListItem\",\"position\":1,\"name\":\"Home\",\"item\":\"https:\\\/\\\/www.hrankovic.eu\\\/portal\\\/\"},{\"@type\":\"ListItem\",\"position\":2,\"name\":\"VIDEO\\\/\\\/ Fuad Kasumovi\u0107 u CD-u: Bakire trebamo li da se staramo o dr\u017eavi ili o entitetima?\"}]},{\"@type\":\"WebSite\",\"@id\":\"https:\\\/\\\/www.hrankovic.eu\\\/portal\\\/#website\",\"url\":\"https:\\\/\\\/www.hrankovic.eu\\\/portal\\\/\",\"name\":\"HRANKOVI\u0106 ONLINE\",\"description\":\"Korist za budu\u0107nost na\u0161eg HRANKOVI\u0106A\",\"potentialAction\":[{\"@type\":\"SearchAction\",\"target\":{\"@type\":\"EntryPoint\",\"urlTemplate\":\"https:\\\/\\\/www.hrankovic.eu\\\/portal\\\/?s={search_term_string}\"},\"query-input\":{\"@type\":\"PropertyValueSpecification\",\"valueRequired\":true,\"valueName\":\"search_term_string\"}}],\"inLanguage\":\"bs-BA\"},{\"@type\":\"Person\",\"@id\":\"https:\\\/\\\/www.hrankovic.eu\\\/portal\\\/#\\\/schema\\\/person\\\/6d7d8691a307fb4ea628d9f3cd6856cc\",\"name\":\"REDAKCIJA\",\"image\":{\"@type\":\"ImageObject\",\"inLanguage\":\"bs-BA\",\"@id\":\"https:\\\/\\\/secure.gravatar.com\\\/avatar\\\/a33df909db5ed87bbb7501e02b04a6e04cce7f32bfa6cf9fee4bb45846c8cfa1?s=96&d=wp_user_avatar&r=g\",\"url\":\"https:\\\/\\\/secure.gravatar.com\\\/avatar\\\/a33df909db5ed87bbb7501e02b04a6e04cce7f32bfa6cf9fee4bb45846c8cfa1?s=96&d=wp_user_avatar&r=g\",\"contentUrl\":\"https:\\\/\\\/secure.gravatar.com\\\/avatar\\\/a33df909db5ed87bbb7501e02b04a6e04cce7f32bfa6cf9fee4bb45846c8cfa1?s=96&d=wp_user_avatar&r=g\",\"caption\":\"REDAKCIJA\"}}]}<\/script>\n<!-- \/ Yoast SEO plugin. -->","yoast_head_json":{"title":"VIDEO\/\/ Fuad Kasumovi\u0107 u CD-u: Bakire trebamo li da se staramo o dr\u017eavi ili o entitetima? &#8211; HRANKOVI\u0106 ONLINE","robots":{"index":"index","follow":"follow","max-snippet":"max-snippet:-1","max-image-preview":"max-image-preview:large","max-video-preview":"max-video-preview:-1"},"canonical":"https:\/\/www.hrankovic.eu\/portal\/video-fuad-kasumovic-u-cd-u-bakire-trebamo-li-da-se-staramo-o-drzavi-ili-o-entitetima\/","og_locale":"bs_BA","og_type":"article","og_title":"VIDEO\/\/ Fuad Kasumovi\u0107 u CD-u: Bakire trebamo li da se staramo o dr\u017eavi ili o entitetima? &#8211; HRANKOVI\u0106 ONLINE","og_description":"Hrabrost i iskrenost gospodina Fuada Kasumovi\u0107a koji je sino\u0107 javno na televiziji FACE objasnio kako se kradu milijarde maraka u Bosni i Hercegovini,kako se pojedinci bogate,kako Federacija odr\u017eava u \u017eivotu Republiku Srpsku i jo\u0161 puno toga.Pogledajte u prilo\u017eenom videu pa mo\u017eda nam se svima otvore o\u010di.","og_url":"https:\/\/www.hrankovic.eu\/portal\/video-fuad-kasumovic-u-cd-u-bakire-trebamo-li-da-se-staramo-o-drzavi-ili-o-entitetima\/","og_site_name":"HRANKOVI\u0106 ONLINE","article_publisher":"https:\/\/www.facebook.com\/GHrankovic\/","article_published_time":"2016-04-23T11:11:18+00:00","og_image":[{"width":806,"height":433,"url":"https:\/\/www.hrankovic.eu\/portal\/wp-content\/uploads\/2016\/04\/Fuad_kasumovic.jpg","type":"image\/jpeg"}],"author":"REDAKCIJA","twitter_card":"summary_large_image","twitter_misc":{"Written by":"REDAKCIJA"},"schema":{"@context":"https:\/\/schema.org","@graph":[{"@type":"Article","@id":"https:\/\/www.hrankovic.eu\/portal\/video-fuad-kasumovic-u-cd-u-bakire-trebamo-li-da-se-staramo-o-drzavi-ili-o-entitetima\/#article","isPartOf":{"@id":"https:\/\/www.hrankovic.eu\/portal\/video-fuad-kasumovic-u-cd-u-bakire-trebamo-li-da-se-staramo-o-drzavi-ili-o-entitetima\/"},"author":{"name":"REDAKCIJA","@id":"https:\/\/www.hrankovic.eu\/portal\/#\/schema\/person\/6d7d8691a307fb4ea628d9f3cd6856cc"},"headline":"VIDEO\/\/ Fuad Kasumovi\u0107 u CD-u: Bakire trebamo li da se staramo o dr\u017eavi ili o entitetima?","datePublished":"2016-04-23T11:11:18+00:00","mainEntityOfPage":{"@id":"https:\/\/www.hrankovic.eu\/portal\/video-fuad-kasumovic-u-cd-u-bakire-trebamo-li-da-se-staramo-o-drzavi-ili-o-entitetima\/"},"wordCount":71,"commentCount":0,"image":{"@id":"https:\/\/www.hrankovic.eu\/portal\/video-fuad-kasumovic-u-cd-u-bakire-trebamo-li-da-se-staramo-o-drzavi-ili-o-entitetima\/#primaryimage"},"thumbnailUrl":"https:\/\/www.hrankovic.eu\/portal\/wp-content\/uploads\/2016\/04\/Fuad_kasumovic.jpg","articleSection":["VIDEO"],"inLanguage":"bs-BA","potentialAction":[{"@type":"CommentAction","name":"Comment","target":["https:\/\/www.hrankovic.eu\/portal\/video-fuad-kasumovic-u-cd-u-bakire-trebamo-li-da-se-staramo-o-drzavi-ili-o-entitetima\/#respond"]}]},{"@type":"WebPage","@id":"https:\/\/www.hrankovic.eu\/portal\/video-fuad-kasumovic-u-cd-u-bakire-trebamo-li-da-se-staramo-o-drzavi-ili-o-entitetima\/","url":"https:\/\/www.hrankovic.eu\/portal\/video-fuad-kasumovic-u-cd-u-bakire-trebamo-li-da-se-staramo-o-drzavi-ili-o-entitetima\/","name":"VIDEO\/\/ Fuad Kasumovi\u0107 u CD-u: Bakire trebamo li da se staramo o dr\u017eavi ili o entitetima? &#8211; HRANKOVI\u0106 ONLINE","isPartOf":{"@id":"https:\/\/www.hrankovic.eu\/portal\/#website"},"primaryImageOfPage":{"@id":"https:\/\/www.hrankovic.eu\/portal\/video-fuad-kasumovic-u-cd-u-bakire-trebamo-li-da-se-staramo-o-drzavi-ili-o-entitetima\/#primaryimage"},"image":{"@id":"https:\/\/www.hrankovic.eu\/portal\/video-fuad-kasumovic-u-cd-u-bakire-trebamo-li-da-se-staramo-o-drzavi-ili-o-entitetima\/#primaryimage"},"thumbnailUrl":"https:\/\/www.hrankovic.eu\/portal\/wp-content\/uploads\/2016\/04\/Fuad_kasumovic.jpg","datePublished":"2016-04-23T11:11:18+00:00","author":{"@id":"https:\/\/www.hrankovic.eu\/portal\/#\/schema\/person\/6d7d8691a307fb4ea628d9f3cd6856cc"},"breadcrumb":{"@id":"https:\/\/www.hrankovic.eu\/portal\/video-fuad-kasumovic-u-cd-u-bakire-trebamo-li-da-se-staramo-o-drzavi-ili-o-entitetima\/#breadcrumb"},"inLanguage":"bs-BA","potentialAction":[{"@type":"ReadAction","target":["https:\/\/www.hrankovic.eu\/portal\/video-fuad-kasumovic-u-cd-u-bakire-trebamo-li-da-se-staramo-o-drzavi-ili-o-entitetima\/"]}]},{"@type":"ImageObject","inLanguage":"bs-BA","@id":"https:\/\/www.hrankovic.eu\/portal\/video-fuad-kasumovic-u-cd-u-bakire-trebamo-li-da-se-staramo-o-drzavi-ili-o-entitetima\/#primaryimage","url":"https:\/\/www.hrankovic.eu\/portal\/wp-content\/uploads\/2016\/04\/Fuad_kasumovic.jpg","contentUrl":"https:\/\/www.hrankovic.eu\/portal\/wp-content\/uploads\/2016\/04\/Fuad_kasumovic.jpg","width":806,"height":433},{"@type":"BreadcrumbList","@id":"https:\/\/www.hrankovic.eu\/portal\/video-fuad-kasumovic-u-cd-u-bakire-trebamo-li-da-se-staramo-o-drzavi-ili-o-entitetima\/#breadcrumb","itemListElement":[{"@type":"ListItem","position":1,"name":"Home","item":"https:\/\/www.hrankovic.eu\/portal\/"},{"@type":"ListItem","position":2,"name":"VIDEO\/\/ Fuad Kasumovi\u0107 u CD-u: Bakire trebamo li da se staramo o dr\u017eavi ili o entitetima?"}]},{"@type":"WebSite","@id":"https:\/\/www.hrankovic.eu\/portal\/#website","url":"https:\/\/www.hrankovic.eu\/portal\/","name":"HRANKOVI\u0106 ONLINE","description":"Korist za budu\u0107nost na\u0161eg HRANKOVI\u0106A","potentialAction":[{"@type":"SearchAction","target":{"@type":"EntryPoint","urlTemplate":"https:\/\/www.hrankovic.eu\/portal\/?s={search_term_string}"},"query-input":{"@type":"PropertyValueSpecification","valueRequired":true,"valueName":"search_term_string"}}],"inLanguage":"bs-BA"},{"@type":"Person","@id":"https:\/\/www.hrankovic.eu\/portal\/#\/schema\/person\/6d7d8691a307fb4ea628d9f3cd6856cc","name":"REDAKCIJA","image":{"@type":"ImageObject","inLanguage":"bs-BA","@id":"https:\/\/secure.gravatar.com\/avatar\/a33df909db5ed87bbb7501e02b04a6e04cce7f32bfa6cf9fee4bb45846c8cfa1?s=96&d=wp_user_avatar&r=g","url":"https:\/\/secure.gravatar.com\/avatar\/a33df909db5ed87bbb7501e02b04a6e04cce7f32bfa6cf9fee4bb45846c8cfa1?s=96&d=wp_user_avatar&r=g","contentUrl":"https:\/\/secure.gravatar.com\/avatar\/a33df909db5ed87bbb7501e02b04a6e04cce7f32bfa6cf9fee4bb45846c8cfa1?s=96&d=wp_user_avatar&r=g","caption":"REDAKCIJA"}}]}},"_links":{"self":[{"href":"https:\/\/www.hrankovic.eu\/portal\/wp-json\/wp\/v2\/posts\/6717","targetHints":{"allow":["GET"]}}],"collection":[{"href":"https:\/\/www.hrankovic.eu\/portal\/wp-json\/wp\/v2\/posts"}],"about":[{"href":"https:\/\/www.hrankovic.eu\/portal\/wp-json\/wp\/v2\/types\/post"}],"author":[{"embeddable":true,"href":"https:\/\/www.hrankovic.eu\/portal\/wp-json\/wp\/v2\/users\/1150"}],"replies":[{"embeddable":true,"href":"https:\/\/www.hrankovic.eu\/portal\/wp-json\/wp\/v2\/comments?post=6717"}],"version-history":[{"count":1,"href":"https:\/\/www.hrankovic.eu\/portal\/wp-json\/wp\/v2\/posts\/6717\/revisions"}],"predecessor-version":[{"id":6719,"href":"https:\/\/www.hrankovic.eu\/portal\/wp-json\/wp\/v2\/posts\/6717\/revisions\/6719"}],"wp:featuredmedia":[{"embeddable":true,"href":"https:\/\/www.hrankovic.eu\/portal\/wp-json\/wp\/v2\/media\/6718"}],"wp:attachment":[{"href":"https:\/\/www.hrankovic.eu\/portal\/wp-json\/wp\/v2\/media?parent=6717"}],"wp:term":[{"taxonomy":"category","embeddable":true,"href":"https:\/\/www.hrankovic.eu\/portal\/wp-json\/wp\/v2\/categories?post=6717"},{"taxonomy":"post_tag","embeddable":true,"href":"https:\/\/www.hrankovic.eu\/portal\/wp-json\/wp\/v2\/tags?post=6717"}],"curies":[{"name":"wp","href":"https:\/\/api.w.org\/{rel}","templated":true}]}}