{"id":6510,"date":"2016-02-23T15:05:51","date_gmt":"2016-02-23T14:05:51","guid":{"rendered":"http:\/\/www.hrankovic.eu\/portal\/?p=6510"},"modified":"2016-02-23T15:08:28","modified_gmt":"2016-02-23T14:08:28","slug":"6510-2","status":"publish","type":"post","link":"https:\/\/www.hrankovic.eu\/portal\/6510-2\/","title":{"rendered":"Banja Vru\u0107ica: lje\u010dili\u0161te poznato \u0161irom svijeta"},"content":{"rendered":"<div class=\"uvod uvod-clanka hidden-xs\">Kompleks Banja Vru\u0107ica koji se nalazi u BiH kod Tesli\u0107a poznat je o lije\u010denju sr\u010danih bolesnika jo\u0161 od davnina. Prvi gosti lije\u010dili su se na ovom prostoru za vrijeme austrougarske vladavine u BiH, a zvani\u010dno s dana\u0161njim imenom funkcioni\u0161e od 1919. godine.<\/div>\n<div class=\"tekst clanak_vijesti\">\n<p>Banja Vru\u0107ica je zvu\u010dno ime zdravstvenog centra koje je poznato \u0161irom regije i Evrope. Stotine sr\u010danih bolesnika dolazilo bi nakon le\u017eanja u bolnici da se ovdje lije\u010di. To se nije promijenilo ni danas. Kompleks se modernizovao i pored zdravstvenih sadr\u017eaja, ima wellness program za opu\u0161tanje te sportske terene koji su napravljeni prema vrhunskim standardima.<\/p>\n<p>&#8220;Kompleks je poznat kao banja za srce. Temperatura na izvoru termalne vode iznosi 36 stepeni, dok je u bazenima i banjama 32 stepena, prirodno bez hla\u0111enja. Svi kardiolo\u0161ki bolesnici mogu koristiti vodu i njen sastav godi, sni\u017eava pritisak i \u0161iri krvne sudove. Pacijenti dolaze na rehabilitaciju poslije sr\u010danog i mo\u017edanog udara&#8221;, rekao je Goran Bo\u017ei\u0107, izvr\u0161ni direktor za marketing i prodaju Zdravstveno turisti\u010dkog centra Banja Vru\u0107ica.<\/p>\n<h2>Popusti za penzionere i pacijente<\/h2>\n<p>S obzirom na to da su prevashodno zdravstveni centar, posebnu pa\u017enju poklanjaju penzionerima, koji imaju 10 posto popusta na sve cijene, te pacijentima. Kako bi se njima olak\u0161alo, sklopljeni su ugovori sa zavodima za zdravstvo RS-a, Br\u010dko distrikta i Zeni\u010dko-dobojskog kantona. Dakle, socijalno osiguranje pla\u0107a tro\u0161kove pacijenata iz ovih dijelova BiH.<\/p>\n<p>Cijena se mijenja u odnosu na sezonu, pa \u0107ete za no\u0107enje s doru\u010dkom platiti izme\u0111u 70 i 90 KM. No, onaj ko dolazi u okviru zdravstvenog programa ima mnogo ni\u017ee cijene. Za puni pansion sa tri terapije dnevno, uz kori\u0161tenje termalne banje, bazena, pregled ljekara specijaliste i osnovnu laboratoriju, platit \u0107ete od 49 do 57 KM ili u sezoni 67 KM. Popust imaju i penzioneri iz Srbije i Hrvatske.<\/p>\n<p>&#8220;Prevashodno ljudi ovdje dolaze po zdravlje, ali imamo jak trend rasta poslovnih gostiju na kongresima. Nudimo kvalitetnu uslugu, kao u zapadnoevropskim zemljama, ali po pristupa\u010dnijim cijenama. Pratimo sve novine iz oblasti zdravstva i pro\u0161le godine smo instalirali hiperbazi\u010dnu komoru koja je dobra za lije\u010denje dijabeti\u010dara i osobe koje imaju te\u0161ka sistemska oboljenja. Tako\u0111er, mo\u017ee pomo\u0107i u lije\u010denju otvorenih rana. Investicija je velika, ali se isplati, jer prevashodno pomognemo ljudima da ne idu na lije\u010denje van BiH, a privla\u010dimo i goste&#8221;, rekao je Bo\u017ei\u0107.<\/p>\n<\/div>\n<p>Menad\u017ement je potpuno mislio na pacijente te su izgra\u0111eni tuneli koji povezuju sve hotele i prostorije u kojima se pacijenti lije\u010de. Tuneli se zagrijavaju tako da pacijenti mogu sigurno hodati u bade-mantilima bez straha da \u0107e se razboljeti.<\/p>\n<p>&#8220;Banja Vru\u0107ica je poslovno-sportsko-rekreativni kompleks koji ima i najve\u0107i kongresni centar u BiH sa 800 mjesta. Rije\u010d je o razli\u010ditoj strukturi dvorana i sve su pokrivene audio-vizuelnom opremom. Imamo najve\u0107i wellness centar na preko 1.600 metara kvadratnih, a u 2014. godini smo izgradili bazen na povr\u0161ini od 5.000 metara kvadratnih s le\u017eajkama i suncobranima. To je doprinijelo pove\u0107anju broja gostiju iz zapadne Evrope i razbijamo predrasude kod njih&#8221;, rekao je Bo\u017ei\u0107.<\/p>\n<h2>Rekordan broj no\u0107enja<\/h2>\n<p>Iz menad\u017ementa ovog kompleksa navode kako planiraju pove\u0107ati broj no\u0107enja, te da je pro\u0161la godina bila najbolja, u kojoj su oborili rekorde u posljednjih 25 godina. Naime, ostvarili su vi\u0161e od 204.000 no\u0107enja.<\/p>\n<p>&#8220;Jedan smo od najja\u010dih centara u regiji. Blizu 35 posto gostiju dolazi iz Hrvatske, Srbije, Slovenije, Njema\u010dke i drugih zemalja zapadne Evrope. Svi zaposleni, kojih je blizu 300, se trude da ugode i u\u010dine ovaj centar ugodnim i naprednim. Imamo vi\u0161e od 1.000 le\u017eajeva u \u010detiri hotela, a nadamo se da \u0107emo renovirati i hotel Bosna&#8221;, kazao je Bo\u017ei\u0107.<\/p>\n<p>Sportsko-rekreativni kompleks je izuzetno bogat, u okviru njega se nalaze tereni za odbojku, ko\u0161arku, mali fudbal te imaju balon dvoranu sa zatvorenim terenima. Tako\u0111er, imaju stadione s vje\u0161ta\u010dkom i prirodnom travom napravljene prema FIFA-inim i UEFA-inim standardima.<\/p>\n<p>&#8220;Svim sportskim ekipama mo\u017eemo pru\u017eiti pripreme. To se po\u010delo razvijati tokom posljednjih godina i nadamo se da \u0107emo to pove\u0107ati na vi\u0161i nivo&#8221;, naglasio je Bo\u017ei\u0107.<\/p>\n<p>Tu je i zabavni program koji je aktivan tokom sezone. Svaku ve\u010der organizuje se muzika u\u017eivo, imaju no\u0107no kupanje, kao i kratke izlete u Te\u0161anj i Tesli\u0107.<\/p>\n<h2>Historija objekta<\/h2>\n<p>Pouzdani podaci o mogu\u0107nostima kori\u0161tenja ljekovite termomineralne vode Banje Vru\u0107ice su iz perioda austrougarske vladavine u BiH. Tada po\u010dinju prva nau\u010dna istra\u017eivanja kvaliteta mineralnih i termomineralnih voda BiH. Narod je znao, a prenosilo se i &#8220;s koljena na koljeno&#8221;, da je voda s vrela pored potoka Grabovca (dana\u0161nja lokacija Banje Vru\u0107ice) zdrava, da otklanja bolove i podmla\u0111uje te su je koristili u doma\u0107instvu za pi\u0107e i pripremu hljeba, a potom i za lije\u010denje (banjanje, kiseljenje i kupanje). Zabilje\u017eeno je da se banja zvala Mitrova banja, po Mitru Blagojevi\u0107u, jer se pri\u010dalo da se izlije\u010dio kori\u0161te\u0107i vodu iz banje.<\/p>\n<p>Moderna historija Banje Vru\u0107ice po\u010dinje poslije zavr\u0161etka Prvog svjetskog rata kada ju je 1919. godine otkupio \u0161umarski in\u017einjer Simo Krsti\u0107 koji je prije same izgradnje kapaciteta anga\u017eovao vrsne strane stru\u010dnjake da obave istra\u017eivanja, analize i utvrde ljekovitost vode Banje Vru\u0107ice. Nakon zavr\u0161enih istra\u017eivanja pristupilo se izgradnji objekata i ure\u0111enju banje prema savremenim evropskim mjerilima. Izgra\u0111eno je moderno kupatilo sa dva bazena i \u0161est, a potom jo\u0161 14 kada, a 1928. godine otvoren je moderan hotel Paviljon sa 60 soba i 100 le\u017eajeva. U neposrednoj blizini glavnog kupatila izgra\u0111ena je tzv. Mala selja\u010dka banja s bazenom veli\u010dine 3\u00d77 metara i kabinama za presvla\u010denje. U desetogodi\u0161njem periodu je izgra\u0111en prelijep banjski kompleks, koji je po svemu bio evropski, kao i njegova okolina.<\/p>\n<p>Sva dodatna istra\u017eivanja u narednim godinama su pokazivala da su vode Banje Vru\u0107ice ljekovite, da poma\u017eu pri lije\u010denju i rehabilitaciji razli\u010ditih oboljenja. Koliki su zna\u010daj imale ove vode govori podatak da je Banja Vru\u0107ica dr\u017eavnim aktima Kraljevine 1926. i 1930. godine za\u0161ti\u0107ena i uvr\u0161tena u Registar banja Kraljevine Jugoslavije. Na\u017ealost, ovaj banjski kompleks je tokom Drugog svjetskog rata skoro u cjelini razoren.<\/p>\n<p>Ve\u0107 1946. godine pri\u0161lo se obnovi poru\u0161enih objekata i izgradnji novih. Zakonom o nacionalizaciji banja je oduzeta od ranijeg vlasnika Sime Krsti\u0107a te predata u op\u0107enarodno, odnosno vlasni\u0161tvo dr\u017eave s novim nazivom Zemaljsko lje\u010dili\u0161te Banja Vru\u0107ica. U periodu od 1947. do 1964. godine izgra\u0111eni su smje\u0161tajni i ugostiteljski objekti: kupatilo i paviljon Hercegovina 1947. godine, a nakon njega restoran Ozren i hotel Bosna te hotel Dalmacija 1964. godine. U me\u0111uvremenu je izgra\u0111ena i Upravna zgrada i novi objekat Kiseljak za snabdijevanje mineralnom vodom. Po\u0161to postoje\u0107i smje\u0161tajni kapaciteti jo\u0161 uvijek nisu bili dovoljni za prihvat svih gostiju, 1968. je izgra\u0111eno kamp naselje sa 11 vikend-ku\u0107ica sa 55 le\u017eajeva.<\/p>\n<p>Trenutno najve\u0107i hotel Kardial izgra\u0111en je i stavljen u funkciju 1976. godine, a zatim novi hotel Hercegovina 1989. te hotel Posavina 1991. godine. Uporedo s<br \/>\nizgradnjom objekata radilo se i na osiguravanju novih koli\u010dina mineralne vode koja bi se koristila za lije\u010denje. Najzna\u010dajnije radove na otvaranju novih bu\u0161otina obavio je 1971. godine Geolo\u0161ki zavod iz Ljubljane pod rukovodstvom prof. in\u017einjera Josipa Ba\u0107a iz Sarajeva. Od pet bu\u0161otina sve su dale rezultate, ali je bu\u0161otina E sa 72 litra vode u sekundi bila zaista impresivna. Time je rije\u0161eno snabdijevanje mineralnom vodom za du\u017ei vremenski period te je taj dan jedan od va\u017enijih dana u historiji Banje Vru\u0107ice.<\/p>\n","protected":false},"excerpt":{"rendered":"<p>Kompleks Banja Vru\u0107ica koji se nalazi u BiH kod Tesli\u0107a poznat je o lije\u010denju sr\u010danih bolesnika jo\u0161 od davnina. Prvi gosti lije\u010dili su se na ovom prostoru za vrijeme austrougarske vladavine u BiH, a zvani\u010dno s dana\u0161njim imenom funkcioni\u0161e od 1919. godine. Banja Vru\u0107ica je zvu\u010dno ime zdravstvenog centra koje je poznato \u0161irom regije i &hellip;<\/p>\n","protected":false},"author":3,"featured_media":6511,"comment_status":"open","ping_status":"closed","sticky":false,"template":"","format":"standard","meta":{"_crdt_document":"","_exactmetrics_skip_tracking":false,"_exactmetrics_sitenote_active":false,"_exactmetrics_sitenote_note":"","_exactmetrics_sitenote_category":0,"ngg_post_thumbnail":0,"footnotes":""},"categories":[103,5,88,4],"tags":[],"class_list":["post-6510","post","type-post","status-publish","format-standard","has-post-thumbnail","","category-teslic","category-video","category-vijesti-2","category-vijesti"],"yoast_head":"<!-- This site is optimized with the Yoast SEO plugin v27.5 - https:\/\/yoast.com\/product\/yoast-seo-wordpress\/ -->\n<title>Banja Vru\u0107ica: lje\u010dili\u0161te poznato \u0161irom svijeta &#8211; HRANKOVI\u0106 ONLINE<\/title>\n<meta name=\"robots\" content=\"index, follow, max-snippet:-1, max-image-preview:large, max-video-preview:-1\" \/>\n<link rel=\"canonical\" href=\"https:\/\/www.hrankovic.eu\/portal\/6510-2\/\" \/>\n<meta property=\"og:locale\" content=\"bs_BA\" \/>\n<meta property=\"og:type\" content=\"article\" \/>\n<meta property=\"og:title\" content=\"Banja Vru\u0107ica: lje\u010dili\u0161te poznato \u0161irom svijeta &#8211; HRANKOVI\u0106 ONLINE\" \/>\n<meta property=\"og:description\" content=\"Kompleks Banja Vru\u0107ica koji se nalazi u BiH kod Tesli\u0107a poznat je o lije\u010denju sr\u010danih bolesnika jo\u0161 od davnina. Prvi gosti lije\u010dili su se na ovom prostoru za vrijeme austrougarske vladavine u BiH, a zvani\u010dno s dana\u0161njim imenom funkcioni\u0161e od 1919. godine. Banja Vru\u0107ica je zvu\u010dno ime zdravstvenog centra koje je poznato \u0161irom regije i &hellip;\" \/>\n<meta property=\"og:url\" content=\"https:\/\/www.hrankovic.eu\/portal\/6510-2\/\" \/>\n<meta property=\"og:site_name\" content=\"HRANKOVI\u0106 ONLINE\" \/>\n<meta property=\"article:publisher\" content=\"https:\/\/www.facebook.com\/GHrankovic\/\" \/>\n<meta property=\"article:published_time\" content=\"2016-02-23T14:05:51+00:00\" \/>\n<meta property=\"article:modified_time\" content=\"2016-02-23T14:08:28+00:00\" \/>\n<meta property=\"og:image\" content=\"https:\/\/www.hrankovic.eu\/portal\/wp-content\/uploads\/2016\/02\/160211021.22_xl.jpg\" \/>\n\t<meta property=\"og:image:width\" content=\"938\" \/>\n\t<meta property=\"og:image:height\" content=\"625\" \/>\n\t<meta property=\"og:image:type\" content=\"image\/jpeg\" \/>\n<meta name=\"author\" content=\"Brato\" \/>\n<meta name=\"twitter:card\" content=\"summary_large_image\" \/>\n<meta name=\"twitter:label1\" content=\"Written by\" \/>\n\t<meta name=\"twitter:data1\" content=\"Brato\" \/>\n\t<meta name=\"twitter:label2\" content=\"Est. reading time\" \/>\n\t<meta name=\"twitter:data2\" content=\"6 minuta\" \/>\n<script type=\"application\/ld+json\" class=\"yoast-schema-graph\">{\"@context\":\"https:\\\/\\\/schema.org\",\"@graph\":[{\"@type\":\"Article\",\"@id\":\"https:\\\/\\\/www.hrankovic.eu\\\/portal\\\/6510-2\\\/#article\",\"isPartOf\":{\"@id\":\"https:\\\/\\\/www.hrankovic.eu\\\/portal\\\/6510-2\\\/\"},\"author\":{\"name\":\"Brato\",\"@id\":\"https:\\\/\\\/www.hrankovic.eu\\\/portal\\\/#\\\/schema\\\/person\\\/b7d4074fe73014c5492bc46b11e63e9b\"},\"headline\":\"Banja Vru\u0107ica: lje\u010dili\u0161te poznato \u0161irom svijeta\",\"datePublished\":\"2016-02-23T14:05:51+00:00\",\"dateModified\":\"2016-02-23T14:08:28+00:00\",\"mainEntityOfPage\":{\"@id\":\"https:\\\/\\\/www.hrankovic.eu\\\/portal\\\/6510-2\\\/\"},\"wordCount\":1298,\"commentCount\":0,\"image\":{\"@id\":\"https:\\\/\\\/www.hrankovic.eu\\\/portal\\\/6510-2\\\/#primaryimage\"},\"thumbnailUrl\":\"https:\\\/\\\/www.hrankovic.eu\\\/portal\\\/wp-content\\\/uploads\\\/2016\\\/02\\\/160211021.22_xl.jpg\",\"articleSection\":[\"TESLI\u0106\",\"VIDEO\",\"VIJESTI\",\"VIJESTI IZ BIH\"],\"inLanguage\":\"bs-BA\",\"potentialAction\":[{\"@type\":\"CommentAction\",\"name\":\"Comment\",\"target\":[\"https:\\\/\\\/www.hrankovic.eu\\\/portal\\\/6510-2\\\/#respond\"]}]},{\"@type\":\"WebPage\",\"@id\":\"https:\\\/\\\/www.hrankovic.eu\\\/portal\\\/6510-2\\\/\",\"url\":\"https:\\\/\\\/www.hrankovic.eu\\\/portal\\\/6510-2\\\/\",\"name\":\"Banja Vru\u0107ica: lje\u010dili\u0161te poznato \u0161irom svijeta &#8211; HRANKOVI\u0106 ONLINE\",\"isPartOf\":{\"@id\":\"https:\\\/\\\/www.hrankovic.eu\\\/portal\\\/#website\"},\"primaryImageOfPage\":{\"@id\":\"https:\\\/\\\/www.hrankovic.eu\\\/portal\\\/6510-2\\\/#primaryimage\"},\"image\":{\"@id\":\"https:\\\/\\\/www.hrankovic.eu\\\/portal\\\/6510-2\\\/#primaryimage\"},\"thumbnailUrl\":\"https:\\\/\\\/www.hrankovic.eu\\\/portal\\\/wp-content\\\/uploads\\\/2016\\\/02\\\/160211021.22_xl.jpg\",\"datePublished\":\"2016-02-23T14:05:51+00:00\",\"dateModified\":\"2016-02-23T14:08:28+00:00\",\"author\":{\"@id\":\"https:\\\/\\\/www.hrankovic.eu\\\/portal\\\/#\\\/schema\\\/person\\\/b7d4074fe73014c5492bc46b11e63e9b\"},\"breadcrumb\":{\"@id\":\"https:\\\/\\\/www.hrankovic.eu\\\/portal\\\/6510-2\\\/#breadcrumb\"},\"inLanguage\":\"bs-BA\",\"potentialAction\":[{\"@type\":\"ReadAction\",\"target\":[\"https:\\\/\\\/www.hrankovic.eu\\\/portal\\\/6510-2\\\/\"]}]},{\"@type\":\"ImageObject\",\"inLanguage\":\"bs-BA\",\"@id\":\"https:\\\/\\\/www.hrankovic.eu\\\/portal\\\/6510-2\\\/#primaryimage\",\"url\":\"https:\\\/\\\/www.hrankovic.eu\\\/portal\\\/wp-content\\\/uploads\\\/2016\\\/02\\\/160211021.22_xl.jpg\",\"contentUrl\":\"https:\\\/\\\/www.hrankovic.eu\\\/portal\\\/wp-content\\\/uploads\\\/2016\\\/02\\\/160211021.22_xl.jpg\",\"width\":938,\"height\":625},{\"@type\":\"BreadcrumbList\",\"@id\":\"https:\\\/\\\/www.hrankovic.eu\\\/portal\\\/6510-2\\\/#breadcrumb\",\"itemListElement\":[{\"@type\":\"ListItem\",\"position\":1,\"name\":\"Home\",\"item\":\"https:\\\/\\\/www.hrankovic.eu\\\/portal\\\/\"},{\"@type\":\"ListItem\",\"position\":2,\"name\":\"Banja Vru\u0107ica: lje\u010dili\u0161te poznato \u0161irom svijeta\"}]},{\"@type\":\"WebSite\",\"@id\":\"https:\\\/\\\/www.hrankovic.eu\\\/portal\\\/#website\",\"url\":\"https:\\\/\\\/www.hrankovic.eu\\\/portal\\\/\",\"name\":\"HRANKOVI\u0106 ONLINE\",\"description\":\"Korist za budu\u0107nost na\u0161eg HRANKOVI\u0106A\",\"potentialAction\":[{\"@type\":\"SearchAction\",\"target\":{\"@type\":\"EntryPoint\",\"urlTemplate\":\"https:\\\/\\\/www.hrankovic.eu\\\/portal\\\/?s={search_term_string}\"},\"query-input\":{\"@type\":\"PropertyValueSpecification\",\"valueRequired\":true,\"valueName\":\"search_term_string\"}}],\"inLanguage\":\"bs-BA\"},{\"@type\":\"Person\",\"@id\":\"https:\\\/\\\/www.hrankovic.eu\\\/portal\\\/#\\\/schema\\\/person\\\/b7d4074fe73014c5492bc46b11e63e9b\",\"name\":\"Brato\",\"image\":{\"@type\":\"ImageObject\",\"inLanguage\":\"bs-BA\",\"@id\":\"https:\\\/\\\/secure.gravatar.com\\\/avatar\\\/ba062e7c3f06b8800fc591718ed96d83500b5d65c2c7850ba1ba74d64699c356?s=96&d=wp_user_avatar&r=g\",\"url\":\"https:\\\/\\\/secure.gravatar.com\\\/avatar\\\/ba062e7c3f06b8800fc591718ed96d83500b5d65c2c7850ba1ba74d64699c356?s=96&d=wp_user_avatar&r=g\",\"contentUrl\":\"https:\\\/\\\/secure.gravatar.com\\\/avatar\\\/ba062e7c3f06b8800fc591718ed96d83500b5d65c2c7850ba1ba74d64699c356?s=96&d=wp_user_avatar&r=g\",\"caption\":\"Brato\"}}]}<\/script>\n<!-- \/ Yoast SEO plugin. -->","yoast_head_json":{"title":"Banja Vru\u0107ica: lje\u010dili\u0161te poznato \u0161irom svijeta &#8211; HRANKOVI\u0106 ONLINE","robots":{"index":"index","follow":"follow","max-snippet":"max-snippet:-1","max-image-preview":"max-image-preview:large","max-video-preview":"max-video-preview:-1"},"canonical":"https:\/\/www.hrankovic.eu\/portal\/6510-2\/","og_locale":"bs_BA","og_type":"article","og_title":"Banja Vru\u0107ica: lje\u010dili\u0161te poznato \u0161irom svijeta &#8211; HRANKOVI\u0106 ONLINE","og_description":"Kompleks Banja Vru\u0107ica koji se nalazi u BiH kod Tesli\u0107a poznat je o lije\u010denju sr\u010danih bolesnika jo\u0161 od davnina. Prvi gosti lije\u010dili su se na ovom prostoru za vrijeme austrougarske vladavine u BiH, a zvani\u010dno s dana\u0161njim imenom funkcioni\u0161e od 1919. godine. Banja Vru\u0107ica je zvu\u010dno ime zdravstvenog centra koje je poznato \u0161irom regije i &hellip;","og_url":"https:\/\/www.hrankovic.eu\/portal\/6510-2\/","og_site_name":"HRANKOVI\u0106 ONLINE","article_publisher":"https:\/\/www.facebook.com\/GHrankovic\/","article_published_time":"2016-02-23T14:05:51+00:00","article_modified_time":"2016-02-23T14:08:28+00:00","og_image":[{"width":938,"height":625,"url":"https:\/\/www.hrankovic.eu\/portal\/wp-content\/uploads\/2016\/02\/160211021.22_xl.jpg","type":"image\/jpeg"}],"author":"Brato","twitter_card":"summary_large_image","twitter_misc":{"Written by":"Brato","Est. reading time":"6 minuta"},"schema":{"@context":"https:\/\/schema.org","@graph":[{"@type":"Article","@id":"https:\/\/www.hrankovic.eu\/portal\/6510-2\/#article","isPartOf":{"@id":"https:\/\/www.hrankovic.eu\/portal\/6510-2\/"},"author":{"name":"Brato","@id":"https:\/\/www.hrankovic.eu\/portal\/#\/schema\/person\/b7d4074fe73014c5492bc46b11e63e9b"},"headline":"Banja Vru\u0107ica: lje\u010dili\u0161te poznato \u0161irom svijeta","datePublished":"2016-02-23T14:05:51+00:00","dateModified":"2016-02-23T14:08:28+00:00","mainEntityOfPage":{"@id":"https:\/\/www.hrankovic.eu\/portal\/6510-2\/"},"wordCount":1298,"commentCount":0,"image":{"@id":"https:\/\/www.hrankovic.eu\/portal\/6510-2\/#primaryimage"},"thumbnailUrl":"https:\/\/www.hrankovic.eu\/portal\/wp-content\/uploads\/2016\/02\/160211021.22_xl.jpg","articleSection":["TESLI\u0106","VIDEO","VIJESTI","VIJESTI IZ BIH"],"inLanguage":"bs-BA","potentialAction":[{"@type":"CommentAction","name":"Comment","target":["https:\/\/www.hrankovic.eu\/portal\/6510-2\/#respond"]}]},{"@type":"WebPage","@id":"https:\/\/www.hrankovic.eu\/portal\/6510-2\/","url":"https:\/\/www.hrankovic.eu\/portal\/6510-2\/","name":"Banja Vru\u0107ica: lje\u010dili\u0161te poznato \u0161irom svijeta &#8211; HRANKOVI\u0106 ONLINE","isPartOf":{"@id":"https:\/\/www.hrankovic.eu\/portal\/#website"},"primaryImageOfPage":{"@id":"https:\/\/www.hrankovic.eu\/portal\/6510-2\/#primaryimage"},"image":{"@id":"https:\/\/www.hrankovic.eu\/portal\/6510-2\/#primaryimage"},"thumbnailUrl":"https:\/\/www.hrankovic.eu\/portal\/wp-content\/uploads\/2016\/02\/160211021.22_xl.jpg","datePublished":"2016-02-23T14:05:51+00:00","dateModified":"2016-02-23T14:08:28+00:00","author":{"@id":"https:\/\/www.hrankovic.eu\/portal\/#\/schema\/person\/b7d4074fe73014c5492bc46b11e63e9b"},"breadcrumb":{"@id":"https:\/\/www.hrankovic.eu\/portal\/6510-2\/#breadcrumb"},"inLanguage":"bs-BA","potentialAction":[{"@type":"ReadAction","target":["https:\/\/www.hrankovic.eu\/portal\/6510-2\/"]}]},{"@type":"ImageObject","inLanguage":"bs-BA","@id":"https:\/\/www.hrankovic.eu\/portal\/6510-2\/#primaryimage","url":"https:\/\/www.hrankovic.eu\/portal\/wp-content\/uploads\/2016\/02\/160211021.22_xl.jpg","contentUrl":"https:\/\/www.hrankovic.eu\/portal\/wp-content\/uploads\/2016\/02\/160211021.22_xl.jpg","width":938,"height":625},{"@type":"BreadcrumbList","@id":"https:\/\/www.hrankovic.eu\/portal\/6510-2\/#breadcrumb","itemListElement":[{"@type":"ListItem","position":1,"name":"Home","item":"https:\/\/www.hrankovic.eu\/portal\/"},{"@type":"ListItem","position":2,"name":"Banja Vru\u0107ica: lje\u010dili\u0161te poznato \u0161irom svijeta"}]},{"@type":"WebSite","@id":"https:\/\/www.hrankovic.eu\/portal\/#website","url":"https:\/\/www.hrankovic.eu\/portal\/","name":"HRANKOVI\u0106 ONLINE","description":"Korist za budu\u0107nost na\u0161eg HRANKOVI\u0106A","potentialAction":[{"@type":"SearchAction","target":{"@type":"EntryPoint","urlTemplate":"https:\/\/www.hrankovic.eu\/portal\/?s={search_term_string}"},"query-input":{"@type":"PropertyValueSpecification","valueRequired":true,"valueName":"search_term_string"}}],"inLanguage":"bs-BA"},{"@type":"Person","@id":"https:\/\/www.hrankovic.eu\/portal\/#\/schema\/person\/b7d4074fe73014c5492bc46b11e63e9b","name":"Brato","image":{"@type":"ImageObject","inLanguage":"bs-BA","@id":"https:\/\/secure.gravatar.com\/avatar\/ba062e7c3f06b8800fc591718ed96d83500b5d65c2c7850ba1ba74d64699c356?s=96&d=wp_user_avatar&r=g","url":"https:\/\/secure.gravatar.com\/avatar\/ba062e7c3f06b8800fc591718ed96d83500b5d65c2c7850ba1ba74d64699c356?s=96&d=wp_user_avatar&r=g","contentUrl":"https:\/\/secure.gravatar.com\/avatar\/ba062e7c3f06b8800fc591718ed96d83500b5d65c2c7850ba1ba74d64699c356?s=96&d=wp_user_avatar&r=g","caption":"Brato"}}]}},"_links":{"self":[{"href":"https:\/\/www.hrankovic.eu\/portal\/wp-json\/wp\/v2\/posts\/6510","targetHints":{"allow":["GET"]}}],"collection":[{"href":"https:\/\/www.hrankovic.eu\/portal\/wp-json\/wp\/v2\/posts"}],"about":[{"href":"https:\/\/www.hrankovic.eu\/portal\/wp-json\/wp\/v2\/types\/post"}],"author":[{"embeddable":true,"href":"https:\/\/www.hrankovic.eu\/portal\/wp-json\/wp\/v2\/users\/3"}],"replies":[{"embeddable":true,"href":"https:\/\/www.hrankovic.eu\/portal\/wp-json\/wp\/v2\/comments?post=6510"}],"version-history":[{"count":3,"href":"https:\/\/www.hrankovic.eu\/portal\/wp-json\/wp\/v2\/posts\/6510\/revisions"}],"predecessor-version":[{"id":6514,"href":"https:\/\/www.hrankovic.eu\/portal\/wp-json\/wp\/v2\/posts\/6510\/revisions\/6514"}],"wp:featuredmedia":[{"embeddable":true,"href":"https:\/\/www.hrankovic.eu\/portal\/wp-json\/wp\/v2\/media\/6511"}],"wp:attachment":[{"href":"https:\/\/www.hrankovic.eu\/portal\/wp-json\/wp\/v2\/media?parent=6510"}],"wp:term":[{"taxonomy":"category","embeddable":true,"href":"https:\/\/www.hrankovic.eu\/portal\/wp-json\/wp\/v2\/categories?post=6510"},{"taxonomy":"post_tag","embeddable":true,"href":"https:\/\/www.hrankovic.eu\/portal\/wp-json\/wp\/v2\/tags?post=6510"}],"curies":[{"name":"wp","href":"https:\/\/api.w.org\/{rel}","templated":true}]}}