{"id":5438,"date":"2015-03-10T18:16:48","date_gmt":"2015-03-10T17:16:48","guid":{"rendered":"http:\/\/www.hrankovic.eu\/portal\/?p=5438"},"modified":"2015-03-10T18:18:07","modified_gmt":"2015-03-10T17:18:07","slug":"godisnjica-smrti-kralja-tvrka-tvorca-jake-i-stabilne-bosne","status":"publish","type":"post","link":"https:\/\/www.hrankovic.eu\/portal\/godisnjica-smrti-kralja-tvrka-tvorca-jake-i-stabilne-bosne\/","title":{"rendered":"\u0160est stolje\u0107a od smrti prvog bosanskog kralja"},"content":{"rendered":"<p>Na dana\u0161nji dan, 10. marta 1391. godine umro je Tvrtko I Kotromani\u0107, prvi bosanski vladar koji je uzeo titulu kralja.<\/p>\n<p>Nakon smrti Tvrtka I, BiH je postala plijen ambicije, pohlepe, podjela, me\u0111usobnih ratova i gluposti&#8221;<\/p>\n<div class=\"text_exposed_show\">\n<p>Tvrtko I spada u red najve\u0107ih historijskih li\u010dnosti ne samo u kontekstu Bosne i Hercegovine ili zapadnog Balkana nego je rije\u010d o osobi sa zna\u010dajnom evropskom reputacijom, ocijenio je u izjavi za Fenu profesor sa Odsjeka za historiju Filozofskog fakulteta u Sarajevu Salmedin Mesihovi\u0107.<\/p>\n<p>Na dana\u0161nji dan 1391. godine umro je Tvrtko I Kotromani\u0107, prvi bosanski vladar koji je uzeo titulu kralja.<\/p>\n<p>Za vrijeme Tvrtkove vladavine ostvarena je politi\u010dka stabilnost te zna\u010dajan kulturni i duhovni napredak, \u0161to je Bosnu u\u010dinilo najsna\u017enijom ju\u017enoslavenskom zemljom, a Tvrtka najve\u0107im vladarem u povijesti srednjovjekovne Bosne.<\/p>\n<p>&#8211; Sa svojom misijom ujedinjavanja i objedinjavanja kao i stvaranja doma\u0107e jake politi\u010dke sile nasuprot susjednim imperijalnim konceptima mo\u017ee stajati uz bok Batonu Dezitijatskom koji je to \u010dinio prije njega i Josipu Brozu Titu nakon njega. Na\u017ealost, kao i u slu\u010daju spomenute dvojice, nakon njegove smrti njegova tvorevina koja je trebala da ima budu\u0107nost postala je plijen ambicije, pohlepe, podjela, me\u0111usobnih ratova i gluposti pa i otvorenih izdaja velika\u0161a i na kraju plijen koji je &#8220;\u0161aptom pao&#8221; u ruke velikih imperija &#8211; kazao je prof. Mesihovi\u0107<\/p>\n<\/div>\n","protected":false},"excerpt":{"rendered":"<p>Na dana\u0161nji dan, 10. marta 1391. godine umro je Tvrtko I Kotromani\u0107, prvi bosanski vladar koji je uzeo titulu kralja. Nakon smrti Tvrtka I, BiH je postala plijen ambicije, pohlepe, podjela, me\u0111usobnih ratova i gluposti&#8221; Tvrtko I spada u red najve\u0107ih historijskih li\u010dnosti ne samo u kontekstu Bosne i Hercegovine ili zapadnog Balkana nego je &hellip;<\/p>\n","protected":false},"author":3,"featured_media":5439,"comment_status":"open","ping_status":"closed","sticky":false,"template":"","format":"standard","meta":{"_crdt_document":"","_exactmetrics_skip_tracking":false,"_exactmetrics_sitenote_active":false,"_exactmetrics_sitenote_note":"","_exactmetrics_sitenote_category":0,"ngg_post_thumbnail":0,"footnotes":""},"categories":[109,88],"tags":[98,94],"class_list":["post-5438","post","type-post","status-publish","format-standard","has-post-thumbnail","","category-kultura","category-vijesti-2","tag-prvi","tag-prvog"],"yoast_head":"<!-- This site is optimized with the Yoast SEO plugin v27.5 - https:\/\/yoast.com\/product\/yoast-seo-wordpress\/ -->\n<title>\u0160est stolje\u0107a od smrti prvog bosanskog kralja &#8211; HRANKOVI\u0106 ONLINE<\/title>\n<meta name=\"robots\" content=\"index, follow, max-snippet:-1, max-image-preview:large, max-video-preview:-1\" \/>\n<link rel=\"canonical\" href=\"https:\/\/www.hrankovic.eu\/portal\/godisnjica-smrti-kralja-tvrka-tvorca-jake-i-stabilne-bosne\/\" \/>\n<meta property=\"og:locale\" content=\"bs_BA\" \/>\n<meta property=\"og:type\" content=\"article\" \/>\n<meta property=\"og:title\" content=\"\u0160est stolje\u0107a od smrti prvog bosanskog kralja &#8211; HRANKOVI\u0106 ONLINE\" \/>\n<meta property=\"og:description\" content=\"Na dana\u0161nji dan, 10. marta 1391. godine umro je Tvrtko I Kotromani\u0107, prvi bosanski vladar koji je uzeo titulu kralja. Nakon smrti Tvrtka I, BiH je postala plijen ambicije, pohlepe, podjela, me\u0111usobnih ratova i gluposti&#8221; Tvrtko I spada u red najve\u0107ih historijskih li\u010dnosti ne samo u kontekstu Bosne i Hercegovine ili zapadnog Balkana nego je &hellip;\" \/>\n<meta property=\"og:url\" content=\"https:\/\/www.hrankovic.eu\/portal\/godisnjica-smrti-kralja-tvrka-tvorca-jake-i-stabilne-bosne\/\" \/>\n<meta property=\"og:site_name\" content=\"HRANKOVI\u0106 ONLINE\" \/>\n<meta property=\"article:publisher\" content=\"https:\/\/www.facebook.com\/GHrankovic\/\" \/>\n<meta property=\"article:published_time\" content=\"2015-03-10T17:16:48+00:00\" \/>\n<meta property=\"article:modified_time\" content=\"2015-03-10T17:18:07+00:00\" \/>\n<meta property=\"og:image\" content=\"https:\/\/www.hrankovic.eu\/portal\/wp-content\/uploads\/2015\/03\/10329194_10203637975934418_8172074154139377881_n.jpg\" \/>\n\t<meta property=\"og:image:width\" content=\"712\" \/>\n\t<meta property=\"og:image:height\" content=\"473\" \/>\n\t<meta property=\"og:image:type\" content=\"image\/jpeg\" \/>\n<meta name=\"author\" content=\"Brato\" \/>\n<meta name=\"twitter:card\" content=\"summary_large_image\" \/>\n<meta name=\"twitter:label1\" content=\"Written by\" \/>\n\t<meta name=\"twitter:data1\" content=\"Brato\" \/>\n\t<meta name=\"twitter:label2\" content=\"Est. reading time\" \/>\n\t<meta name=\"twitter:data2\" content=\"1 minuta\" \/>\n<script type=\"application\/ld+json\" class=\"yoast-schema-graph\">{\"@context\":\"https:\\\/\\\/schema.org\",\"@graph\":[{\"@type\":\"Article\",\"@id\":\"https:\\\/\\\/www.hrankovic.eu\\\/portal\\\/godisnjica-smrti-kralja-tvrka-tvorca-jake-i-stabilne-bosne\\\/#article\",\"isPartOf\":{\"@id\":\"https:\\\/\\\/www.hrankovic.eu\\\/portal\\\/godisnjica-smrti-kralja-tvrka-tvorca-jake-i-stabilne-bosne\\\/\"},\"author\":{\"name\":\"Brato\",\"@id\":\"https:\\\/\\\/www.hrankovic.eu\\\/portal\\\/#\\\/schema\\\/person\\\/b7d4074fe73014c5492bc46b11e63e9b\"},\"headline\":\"\u0160est stolje\u0107a od smrti prvog bosanskog kralja\",\"datePublished\":\"2015-03-10T17:16:48+00:00\",\"dateModified\":\"2015-03-10T17:18:07+00:00\",\"mainEntityOfPage\":{\"@id\":\"https:\\\/\\\/www.hrankovic.eu\\\/portal\\\/godisnjica-smrti-kralja-tvrka-tvorca-jake-i-stabilne-bosne\\\/\"},\"wordCount\":237,\"commentCount\":0,\"image\":{\"@id\":\"https:\\\/\\\/www.hrankovic.eu\\\/portal\\\/godisnjica-smrti-kralja-tvrka-tvorca-jake-i-stabilne-bosne\\\/#primaryimage\"},\"thumbnailUrl\":\"https:\\\/\\\/www.hrankovic.eu\\\/portal\\\/wp-content\\\/uploads\\\/2015\\\/03\\\/10329194_10203637975934418_8172074154139377881_n.jpg\",\"keywords\":[\"prvi\",\"prvog\"],\"articleSection\":[\"KULTURA\",\"VIJESTI\"],\"inLanguage\":\"bs-BA\",\"potentialAction\":[{\"@type\":\"CommentAction\",\"name\":\"Comment\",\"target\":[\"https:\\\/\\\/www.hrankovic.eu\\\/portal\\\/godisnjica-smrti-kralja-tvrka-tvorca-jake-i-stabilne-bosne\\\/#respond\"]}]},{\"@type\":\"WebPage\",\"@id\":\"https:\\\/\\\/www.hrankovic.eu\\\/portal\\\/godisnjica-smrti-kralja-tvrka-tvorca-jake-i-stabilne-bosne\\\/\",\"url\":\"https:\\\/\\\/www.hrankovic.eu\\\/portal\\\/godisnjica-smrti-kralja-tvrka-tvorca-jake-i-stabilne-bosne\\\/\",\"name\":\"\u0160est stolje\u0107a od smrti prvog bosanskog kralja &#8211; HRANKOVI\u0106 ONLINE\",\"isPartOf\":{\"@id\":\"https:\\\/\\\/www.hrankovic.eu\\\/portal\\\/#website\"},\"primaryImageOfPage\":{\"@id\":\"https:\\\/\\\/www.hrankovic.eu\\\/portal\\\/godisnjica-smrti-kralja-tvrka-tvorca-jake-i-stabilne-bosne\\\/#primaryimage\"},\"image\":{\"@id\":\"https:\\\/\\\/www.hrankovic.eu\\\/portal\\\/godisnjica-smrti-kralja-tvrka-tvorca-jake-i-stabilne-bosne\\\/#primaryimage\"},\"thumbnailUrl\":\"https:\\\/\\\/www.hrankovic.eu\\\/portal\\\/wp-content\\\/uploads\\\/2015\\\/03\\\/10329194_10203637975934418_8172074154139377881_n.jpg\",\"datePublished\":\"2015-03-10T17:16:48+00:00\",\"dateModified\":\"2015-03-10T17:18:07+00:00\",\"author\":{\"@id\":\"https:\\\/\\\/www.hrankovic.eu\\\/portal\\\/#\\\/schema\\\/person\\\/b7d4074fe73014c5492bc46b11e63e9b\"},\"breadcrumb\":{\"@id\":\"https:\\\/\\\/www.hrankovic.eu\\\/portal\\\/godisnjica-smrti-kralja-tvrka-tvorca-jake-i-stabilne-bosne\\\/#breadcrumb\"},\"inLanguage\":\"bs-BA\",\"potentialAction\":[{\"@type\":\"ReadAction\",\"target\":[\"https:\\\/\\\/www.hrankovic.eu\\\/portal\\\/godisnjica-smrti-kralja-tvrka-tvorca-jake-i-stabilne-bosne\\\/\"]}]},{\"@type\":\"ImageObject\",\"inLanguage\":\"bs-BA\",\"@id\":\"https:\\\/\\\/www.hrankovic.eu\\\/portal\\\/godisnjica-smrti-kralja-tvrka-tvorca-jake-i-stabilne-bosne\\\/#primaryimage\",\"url\":\"https:\\\/\\\/www.hrankovic.eu\\\/portal\\\/wp-content\\\/uploads\\\/2015\\\/03\\\/10329194_10203637975934418_8172074154139377881_n.jpg\",\"contentUrl\":\"https:\\\/\\\/www.hrankovic.eu\\\/portal\\\/wp-content\\\/uploads\\\/2015\\\/03\\\/10329194_10203637975934418_8172074154139377881_n.jpg\",\"width\":712,\"height\":473},{\"@type\":\"BreadcrumbList\",\"@id\":\"https:\\\/\\\/www.hrankovic.eu\\\/portal\\\/godisnjica-smrti-kralja-tvrka-tvorca-jake-i-stabilne-bosne\\\/#breadcrumb\",\"itemListElement\":[{\"@type\":\"ListItem\",\"position\":1,\"name\":\"Home\",\"item\":\"https:\\\/\\\/www.hrankovic.eu\\\/portal\\\/\"},{\"@type\":\"ListItem\",\"position\":2,\"name\":\"\u0160est stolje\u0107a od smrti prvog bosanskog kralja\"}]},{\"@type\":\"WebSite\",\"@id\":\"https:\\\/\\\/www.hrankovic.eu\\\/portal\\\/#website\",\"url\":\"https:\\\/\\\/www.hrankovic.eu\\\/portal\\\/\",\"name\":\"HRANKOVI\u0106 ONLINE\",\"description\":\"Korist za budu\u0107nost na\u0161eg HRANKOVI\u0106A\",\"potentialAction\":[{\"@type\":\"SearchAction\",\"target\":{\"@type\":\"EntryPoint\",\"urlTemplate\":\"https:\\\/\\\/www.hrankovic.eu\\\/portal\\\/?s={search_term_string}\"},\"query-input\":{\"@type\":\"PropertyValueSpecification\",\"valueRequired\":true,\"valueName\":\"search_term_string\"}}],\"inLanguage\":\"bs-BA\"},{\"@type\":\"Person\",\"@id\":\"https:\\\/\\\/www.hrankovic.eu\\\/portal\\\/#\\\/schema\\\/person\\\/b7d4074fe73014c5492bc46b11e63e9b\",\"name\":\"Brato\",\"image\":{\"@type\":\"ImageObject\",\"inLanguage\":\"bs-BA\",\"@id\":\"https:\\\/\\\/secure.gravatar.com\\\/avatar\\\/ba062e7c3f06b8800fc591718ed96d83500b5d65c2c7850ba1ba74d64699c356?s=96&d=wp_user_avatar&r=g\",\"url\":\"https:\\\/\\\/secure.gravatar.com\\\/avatar\\\/ba062e7c3f06b8800fc591718ed96d83500b5d65c2c7850ba1ba74d64699c356?s=96&d=wp_user_avatar&r=g\",\"contentUrl\":\"https:\\\/\\\/secure.gravatar.com\\\/avatar\\\/ba062e7c3f06b8800fc591718ed96d83500b5d65c2c7850ba1ba74d64699c356?s=96&d=wp_user_avatar&r=g\",\"caption\":\"Brato\"}}]}<\/script>\n<!-- \/ Yoast SEO plugin. -->","yoast_head_json":{"title":"\u0160est stolje\u0107a od smrti prvog bosanskog kralja &#8211; HRANKOVI\u0106 ONLINE","robots":{"index":"index","follow":"follow","max-snippet":"max-snippet:-1","max-image-preview":"max-image-preview:large","max-video-preview":"max-video-preview:-1"},"canonical":"https:\/\/www.hrankovic.eu\/portal\/godisnjica-smrti-kralja-tvrka-tvorca-jake-i-stabilne-bosne\/","og_locale":"bs_BA","og_type":"article","og_title":"\u0160est stolje\u0107a od smrti prvog bosanskog kralja &#8211; HRANKOVI\u0106 ONLINE","og_description":"Na dana\u0161nji dan, 10. marta 1391. godine umro je Tvrtko I Kotromani\u0107, prvi bosanski vladar koji je uzeo titulu kralja. Nakon smrti Tvrtka I, BiH je postala plijen ambicije, pohlepe, podjela, me\u0111usobnih ratova i gluposti&#8221; Tvrtko I spada u red najve\u0107ih historijskih li\u010dnosti ne samo u kontekstu Bosne i Hercegovine ili zapadnog Balkana nego je &hellip;","og_url":"https:\/\/www.hrankovic.eu\/portal\/godisnjica-smrti-kralja-tvrka-tvorca-jake-i-stabilne-bosne\/","og_site_name":"HRANKOVI\u0106 ONLINE","article_publisher":"https:\/\/www.facebook.com\/GHrankovic\/","article_published_time":"2015-03-10T17:16:48+00:00","article_modified_time":"2015-03-10T17:18:07+00:00","og_image":[{"width":712,"height":473,"url":"https:\/\/www.hrankovic.eu\/portal\/wp-content\/uploads\/2015\/03\/10329194_10203637975934418_8172074154139377881_n.jpg","type":"image\/jpeg"}],"author":"Brato","twitter_card":"summary_large_image","twitter_misc":{"Written by":"Brato","Est. reading time":"1 minuta"},"schema":{"@context":"https:\/\/schema.org","@graph":[{"@type":"Article","@id":"https:\/\/www.hrankovic.eu\/portal\/godisnjica-smrti-kralja-tvrka-tvorca-jake-i-stabilne-bosne\/#article","isPartOf":{"@id":"https:\/\/www.hrankovic.eu\/portal\/godisnjica-smrti-kralja-tvrka-tvorca-jake-i-stabilne-bosne\/"},"author":{"name":"Brato","@id":"https:\/\/www.hrankovic.eu\/portal\/#\/schema\/person\/b7d4074fe73014c5492bc46b11e63e9b"},"headline":"\u0160est stolje\u0107a od smrti prvog bosanskog kralja","datePublished":"2015-03-10T17:16:48+00:00","dateModified":"2015-03-10T17:18:07+00:00","mainEntityOfPage":{"@id":"https:\/\/www.hrankovic.eu\/portal\/godisnjica-smrti-kralja-tvrka-tvorca-jake-i-stabilne-bosne\/"},"wordCount":237,"commentCount":0,"image":{"@id":"https:\/\/www.hrankovic.eu\/portal\/godisnjica-smrti-kralja-tvrka-tvorca-jake-i-stabilne-bosne\/#primaryimage"},"thumbnailUrl":"https:\/\/www.hrankovic.eu\/portal\/wp-content\/uploads\/2015\/03\/10329194_10203637975934418_8172074154139377881_n.jpg","keywords":["prvi","prvog"],"articleSection":["KULTURA","VIJESTI"],"inLanguage":"bs-BA","potentialAction":[{"@type":"CommentAction","name":"Comment","target":["https:\/\/www.hrankovic.eu\/portal\/godisnjica-smrti-kralja-tvrka-tvorca-jake-i-stabilne-bosne\/#respond"]}]},{"@type":"WebPage","@id":"https:\/\/www.hrankovic.eu\/portal\/godisnjica-smrti-kralja-tvrka-tvorca-jake-i-stabilne-bosne\/","url":"https:\/\/www.hrankovic.eu\/portal\/godisnjica-smrti-kralja-tvrka-tvorca-jake-i-stabilne-bosne\/","name":"\u0160est stolje\u0107a od smrti prvog bosanskog kralja &#8211; HRANKOVI\u0106 ONLINE","isPartOf":{"@id":"https:\/\/www.hrankovic.eu\/portal\/#website"},"primaryImageOfPage":{"@id":"https:\/\/www.hrankovic.eu\/portal\/godisnjica-smrti-kralja-tvrka-tvorca-jake-i-stabilne-bosne\/#primaryimage"},"image":{"@id":"https:\/\/www.hrankovic.eu\/portal\/godisnjica-smrti-kralja-tvrka-tvorca-jake-i-stabilne-bosne\/#primaryimage"},"thumbnailUrl":"https:\/\/www.hrankovic.eu\/portal\/wp-content\/uploads\/2015\/03\/10329194_10203637975934418_8172074154139377881_n.jpg","datePublished":"2015-03-10T17:16:48+00:00","dateModified":"2015-03-10T17:18:07+00:00","author":{"@id":"https:\/\/www.hrankovic.eu\/portal\/#\/schema\/person\/b7d4074fe73014c5492bc46b11e63e9b"},"breadcrumb":{"@id":"https:\/\/www.hrankovic.eu\/portal\/godisnjica-smrti-kralja-tvrka-tvorca-jake-i-stabilne-bosne\/#breadcrumb"},"inLanguage":"bs-BA","potentialAction":[{"@type":"ReadAction","target":["https:\/\/www.hrankovic.eu\/portal\/godisnjica-smrti-kralja-tvrka-tvorca-jake-i-stabilne-bosne\/"]}]},{"@type":"ImageObject","inLanguage":"bs-BA","@id":"https:\/\/www.hrankovic.eu\/portal\/godisnjica-smrti-kralja-tvrka-tvorca-jake-i-stabilne-bosne\/#primaryimage","url":"https:\/\/www.hrankovic.eu\/portal\/wp-content\/uploads\/2015\/03\/10329194_10203637975934418_8172074154139377881_n.jpg","contentUrl":"https:\/\/www.hrankovic.eu\/portal\/wp-content\/uploads\/2015\/03\/10329194_10203637975934418_8172074154139377881_n.jpg","width":712,"height":473},{"@type":"BreadcrumbList","@id":"https:\/\/www.hrankovic.eu\/portal\/godisnjica-smrti-kralja-tvrka-tvorca-jake-i-stabilne-bosne\/#breadcrumb","itemListElement":[{"@type":"ListItem","position":1,"name":"Home","item":"https:\/\/www.hrankovic.eu\/portal\/"},{"@type":"ListItem","position":2,"name":"\u0160est stolje\u0107a od smrti prvog bosanskog kralja"}]},{"@type":"WebSite","@id":"https:\/\/www.hrankovic.eu\/portal\/#website","url":"https:\/\/www.hrankovic.eu\/portal\/","name":"HRANKOVI\u0106 ONLINE","description":"Korist za budu\u0107nost na\u0161eg HRANKOVI\u0106A","potentialAction":[{"@type":"SearchAction","target":{"@type":"EntryPoint","urlTemplate":"https:\/\/www.hrankovic.eu\/portal\/?s={search_term_string}"},"query-input":{"@type":"PropertyValueSpecification","valueRequired":true,"valueName":"search_term_string"}}],"inLanguage":"bs-BA"},{"@type":"Person","@id":"https:\/\/www.hrankovic.eu\/portal\/#\/schema\/person\/b7d4074fe73014c5492bc46b11e63e9b","name":"Brato","image":{"@type":"ImageObject","inLanguage":"bs-BA","@id":"https:\/\/secure.gravatar.com\/avatar\/ba062e7c3f06b8800fc591718ed96d83500b5d65c2c7850ba1ba74d64699c356?s=96&d=wp_user_avatar&r=g","url":"https:\/\/secure.gravatar.com\/avatar\/ba062e7c3f06b8800fc591718ed96d83500b5d65c2c7850ba1ba74d64699c356?s=96&d=wp_user_avatar&r=g","contentUrl":"https:\/\/secure.gravatar.com\/avatar\/ba062e7c3f06b8800fc591718ed96d83500b5d65c2c7850ba1ba74d64699c356?s=96&d=wp_user_avatar&r=g","caption":"Brato"}}]}},"_links":{"self":[{"href":"https:\/\/www.hrankovic.eu\/portal\/wp-json\/wp\/v2\/posts\/5438","targetHints":{"allow":["GET"]}}],"collection":[{"href":"https:\/\/www.hrankovic.eu\/portal\/wp-json\/wp\/v2\/posts"}],"about":[{"href":"https:\/\/www.hrankovic.eu\/portal\/wp-json\/wp\/v2\/types\/post"}],"author":[{"embeddable":true,"href":"https:\/\/www.hrankovic.eu\/portal\/wp-json\/wp\/v2\/users\/3"}],"replies":[{"embeddable":true,"href":"https:\/\/www.hrankovic.eu\/portal\/wp-json\/wp\/v2\/comments?post=5438"}],"version-history":[{"count":3,"href":"https:\/\/www.hrankovic.eu\/portal\/wp-json\/wp\/v2\/posts\/5438\/revisions"}],"predecessor-version":[{"id":5442,"href":"https:\/\/www.hrankovic.eu\/portal\/wp-json\/wp\/v2\/posts\/5438\/revisions\/5442"}],"wp:featuredmedia":[{"embeddable":true,"href":"https:\/\/www.hrankovic.eu\/portal\/wp-json\/wp\/v2\/media\/5439"}],"wp:attachment":[{"href":"https:\/\/www.hrankovic.eu\/portal\/wp-json\/wp\/v2\/media?parent=5438"}],"wp:term":[{"taxonomy":"category","embeddable":true,"href":"https:\/\/www.hrankovic.eu\/portal\/wp-json\/wp\/v2\/categories?post=5438"},{"taxonomy":"post_tag","embeddable":true,"href":"https:\/\/www.hrankovic.eu\/portal\/wp-json\/wp\/v2\/tags?post=5438"}],"curies":[{"name":"wp","href":"https:\/\/api.w.org\/{rel}","templated":true}]}}