{"id":4741,"date":"2014-11-17T20:24:04","date_gmt":"2014-11-17T19:24:04","guid":{"rendered":"http:\/\/www.hrankovic.eu\/portal\/?p=4741"},"modified":"2014-11-17T20:24:04","modified_gmt":"2014-11-17T19:24:04","slug":"safet-susic-vise-nije-selektor-nogometne-reprezentacije-bih","status":"publish","type":"post","link":"https:\/\/www.hrankovic.eu\/portal\/safet-susic-vise-nije-selektor-nogometne-reprezentacije-bih\/","title":{"rendered":"Safet Su\u0161i\u0107 vi\u0161e nije selektor nogometne reprezentacije BiH"},"content":{"rendered":"<p><strong>Safet Su\u0161i\u0107 vi\u0161e nije selektor nogometne reprezentacije BiH. Ova odluka donesena je na dana\u0161njoj sjednici Izvr\u0161nog odbora Nogometnog saveza BiH.<\/strong><\/p>\n<p>Nakon \u010detiri utakmice kvalifikacija za Euro 2016, Su\u0161i\u0107eva sudbina zape\u010da\u0107ena je sino\u0107 u Haifi, gdje su Zmajevi izgubili od Izraela 3:0.Prethodno, Papetovi izabranici pora\u017eeni su u Zenici protiv Kipra (2:1), te su ubilje\u017eili dva remija (protiv Velsa u Cardiffu 0:0 i Belgije na Bilinom Polju 1:1).<\/p>\n<p>Su\u0161i\u0107 je na mjesto selektora imenovan krajem 2009. godine, jednoglasnom odlukom \u010dlanova Izvr\u0161nog odbora Nogometnog saveza BiH, naslijediv\u0161i Miroslava \u0106iru Bla\u017eevi\u0107a.U skoro pet godina, koliko je bio selektor, Su\u0161i\u0107 je BiH vodio na 49 utakmice i ostvario u\u010dinak od 23 pobjede, devet remija i 17 poraza.<\/p>\n<p>Nakon pobjede reprezentacije Bosne i Hercegovine nad Litvanijom 15. oktobra 2013. godine i direktnog plasmana na Svjetsko prvenstvo u nogometu koje je odr\u017eano u Brazilu, Safet Su\u0161i\u0107 je postao prvi selektor koji je reprezentaciju Bosne i Hercegovine odveo na neko veliko nogometno takmi\u010denje.<\/p>\n<p>Me\u0111utim, nakon slabog u\u010dinka na Mundijalu u relativno lakoj grupi, o\u010dekivalo se da \u0107e Su\u0161i\u0107 odstupiti sa selektorske pozicije. Zmajevi su se u BiH vratili ve\u0107 nakon grupne faze, a uslijedila je i vanredna sjednica Izvr\u0161nog odbora BiH na kojoj je Su\u0161i\u0107u ponovo jednoglasno izglasana podr\u0161ka te mu je dat novi dvogodi\u0161nji ugovor, prema kojem je Su\u0161i\u0107 trebao voditi Zmajeve i na Euru 2016. u Francuskoj.<\/p>\n<p>Me\u0111utim, kako su sada minimalne \u0161anse za plasman na smotru najboljih evropskih selekcija, \u010dlanovi IO su odlu\u010dili da je najbolje rje\u0161enje odlazak Papeta sa funkcije selektora.Su\u0161i\u0107 je nogometnu karijeru po\u010deo u Krivaji iz Zavidovi\u0107a, odakle prelazi u FK Sarajevo. U timu sa Ko\u0161eva je dobio status legende i postao jedan od najomiljenijih igra\u010da u klupskoj historiji.Nakon devet sezona u bordo dresu Pape prelazi u francuski PSG, gdje je tako\u0111er briljirao u narednih devet sezona.<\/p>\n<p>U dresu biv\u0161e dr\u017eave postigao je 21 gol u 51 nastupu.<\/p>\n<p>Trenersku karijeru Su\u0161i\u0107 po\u010deo je 1994. u Cannesu, nakon \u010dega je trenirao nekoliko ekipa iz Turske i Saudijske Arabije.<\/p>\n","protected":false},"excerpt":{"rendered":"<p>Safet Su\u0161i\u0107 vi\u0161e nije selektor nogometne reprezentacije BiH. Ova odluka donesena je na dana\u0161njoj sjednici Izvr\u0161nog odbora Nogometnog saveza BiH. Nakon \u010detiri utakmice kvalifikacija za Euro 2016, Su\u0161i\u0107eva sudbina zape\u010da\u0107ena je sino\u0107 u Haifi, gdje su Zmajevi izgubili od Izraela 3:0.Prethodno, Papetovi izabranici pora\u017eeni su u Zenici protiv Kipra (2:1), te su ubilje\u017eili dva remija &hellip;<\/p>\n","protected":false},"author":2,"featured_media":1203,"comment_status":"open","ping_status":"closed","sticky":false,"template":"","format":"standard","meta":{"_crdt_document":"","_exactmetrics_skip_tracking":false,"_exactmetrics_sitenote_active":false,"_exactmetrics_sitenote_note":"","_exactmetrics_sitenote_category":0,"ngg_post_thumbnail":0,"footnotes":""},"categories":[93],"tags":[],"class_list":["post-4741","post","type-post","status-publish","format-standard","has-post-thumbnail","","category-reprezentacija"],"yoast_head":"<!-- This site is optimized with the Yoast SEO plugin v27.5 - https:\/\/yoast.com\/product\/yoast-seo-wordpress\/ -->\n<title>Safet Su\u0161i\u0107 vi\u0161e nije selektor nogometne reprezentacije BiH &#8211; HRANKOVI\u0106 ONLINE<\/title>\n<meta name=\"robots\" content=\"index, follow, max-snippet:-1, max-image-preview:large, max-video-preview:-1\" \/>\n<link rel=\"canonical\" href=\"https:\/\/www.hrankovic.eu\/portal\/safet-susic-vise-nije-selektor-nogometne-reprezentacije-bih\/\" \/>\n<meta property=\"og:locale\" content=\"bs_BA\" \/>\n<meta property=\"og:type\" content=\"article\" \/>\n<meta property=\"og:title\" content=\"Safet Su\u0161i\u0107 vi\u0161e nije selektor nogometne reprezentacije BiH &#8211; HRANKOVI\u0106 ONLINE\" \/>\n<meta property=\"og:description\" content=\"Safet Su\u0161i\u0107 vi\u0161e nije selektor nogometne reprezentacije BiH. Ova odluka donesena je na dana\u0161njoj sjednici Izvr\u0161nog odbora Nogometnog saveza BiH. Nakon \u010detiri utakmice kvalifikacija za Euro 2016, Su\u0161i\u0107eva sudbina zape\u010da\u0107ena je sino\u0107 u Haifi, gdje su Zmajevi izgubili od Izraela 3:0.Prethodno, Papetovi izabranici pora\u017eeni su u Zenici protiv Kipra (2:1), te su ubilje\u017eili dva remija &hellip;\" \/>\n<meta property=\"og:url\" content=\"https:\/\/www.hrankovic.eu\/portal\/safet-susic-vise-nije-selektor-nogometne-reprezentacije-bih\/\" \/>\n<meta property=\"og:site_name\" content=\"HRANKOVI\u0106 ONLINE\" \/>\n<meta property=\"article:publisher\" content=\"https:\/\/www.facebook.com\/GHrankovic\/\" \/>\n<meta property=\"article:author\" content=\"https:\/\/www.facebook.com\/hrankovljanin\" \/>\n<meta property=\"article:published_time\" content=\"2014-11-17T19:24:04+00:00\" \/>\n<meta property=\"og:image\" content=\"https:\/\/www.hrankovic.eu\/portal\/wp-content\/uploads\/2013\/09\/safet_susic_011.jpg\" \/>\n\t<meta property=\"og:image:width\" content=\"600\" \/>\n\t<meta property=\"og:image:height\" content=\"300\" \/>\n\t<meta property=\"og:image:type\" content=\"image\/jpeg\" \/>\n<meta name=\"author\" content=\"El_San\" \/>\n<meta name=\"twitter:card\" content=\"summary_large_image\" \/>\n<meta name=\"twitter:label1\" content=\"Written by\" \/>\n\t<meta name=\"twitter:data1\" content=\"El_San\" \/>\n\t<meta name=\"twitter:label2\" content=\"Est. reading time\" \/>\n\t<meta name=\"twitter:data2\" content=\"2 minute\" \/>\n<script type=\"application\/ld+json\" class=\"yoast-schema-graph\">{\"@context\":\"https:\\\/\\\/schema.org\",\"@graph\":[{\"@type\":\"Article\",\"@id\":\"https:\\\/\\\/www.hrankovic.eu\\\/portal\\\/safet-susic-vise-nije-selektor-nogometne-reprezentacije-bih\\\/#article\",\"isPartOf\":{\"@id\":\"https:\\\/\\\/www.hrankovic.eu\\\/portal\\\/safet-susic-vise-nije-selektor-nogometne-reprezentacije-bih\\\/\"},\"author\":{\"name\":\"El_San\",\"@id\":\"https:\\\/\\\/www.hrankovic.eu\\\/portal\\\/#\\\/schema\\\/person\\\/525ec15f5e49246a31046f58ad14f0e8\"},\"headline\":\"Safet Su\u0161i\u0107 vi\u0161e nije selektor nogometne reprezentacije BiH\",\"datePublished\":\"2014-11-17T19:24:04+00:00\",\"mainEntityOfPage\":{\"@id\":\"https:\\\/\\\/www.hrankovic.eu\\\/portal\\\/safet-susic-vise-nije-selektor-nogometne-reprezentacije-bih\\\/\"},\"wordCount\":367,\"commentCount\":0,\"image\":{\"@id\":\"https:\\\/\\\/www.hrankovic.eu\\\/portal\\\/safet-susic-vise-nije-selektor-nogometne-reprezentacije-bih\\\/#primaryimage\"},\"thumbnailUrl\":\"https:\\\/\\\/www.hrankovic.eu\\\/portal\\\/wp-content\\\/uploads\\\/2013\\\/09\\\/safet_susic_011.jpg\",\"articleSection\":[\"REPREZENTACIJA\"],\"inLanguage\":\"bs-BA\",\"potentialAction\":[{\"@type\":\"CommentAction\",\"name\":\"Comment\",\"target\":[\"https:\\\/\\\/www.hrankovic.eu\\\/portal\\\/safet-susic-vise-nije-selektor-nogometne-reprezentacije-bih\\\/#respond\"]}]},{\"@type\":\"WebPage\",\"@id\":\"https:\\\/\\\/www.hrankovic.eu\\\/portal\\\/safet-susic-vise-nije-selektor-nogometne-reprezentacije-bih\\\/\",\"url\":\"https:\\\/\\\/www.hrankovic.eu\\\/portal\\\/safet-susic-vise-nije-selektor-nogometne-reprezentacije-bih\\\/\",\"name\":\"Safet Su\u0161i\u0107 vi\u0161e nije selektor nogometne reprezentacije BiH &#8211; HRANKOVI\u0106 ONLINE\",\"isPartOf\":{\"@id\":\"https:\\\/\\\/www.hrankovic.eu\\\/portal\\\/#website\"},\"primaryImageOfPage\":{\"@id\":\"https:\\\/\\\/www.hrankovic.eu\\\/portal\\\/safet-susic-vise-nije-selektor-nogometne-reprezentacije-bih\\\/#primaryimage\"},\"image\":{\"@id\":\"https:\\\/\\\/www.hrankovic.eu\\\/portal\\\/safet-susic-vise-nije-selektor-nogometne-reprezentacije-bih\\\/#primaryimage\"},\"thumbnailUrl\":\"https:\\\/\\\/www.hrankovic.eu\\\/portal\\\/wp-content\\\/uploads\\\/2013\\\/09\\\/safet_susic_011.jpg\",\"datePublished\":\"2014-11-17T19:24:04+00:00\",\"author\":{\"@id\":\"https:\\\/\\\/www.hrankovic.eu\\\/portal\\\/#\\\/schema\\\/person\\\/525ec15f5e49246a31046f58ad14f0e8\"},\"breadcrumb\":{\"@id\":\"https:\\\/\\\/www.hrankovic.eu\\\/portal\\\/safet-susic-vise-nije-selektor-nogometne-reprezentacije-bih\\\/#breadcrumb\"},\"inLanguage\":\"bs-BA\",\"potentialAction\":[{\"@type\":\"ReadAction\",\"target\":[\"https:\\\/\\\/www.hrankovic.eu\\\/portal\\\/safet-susic-vise-nije-selektor-nogometne-reprezentacije-bih\\\/\"]}]},{\"@type\":\"ImageObject\",\"inLanguage\":\"bs-BA\",\"@id\":\"https:\\\/\\\/www.hrankovic.eu\\\/portal\\\/safet-susic-vise-nije-selektor-nogometne-reprezentacije-bih\\\/#primaryimage\",\"url\":\"https:\\\/\\\/www.hrankovic.eu\\\/portal\\\/wp-content\\\/uploads\\\/2013\\\/09\\\/safet_susic_011.jpg\",\"contentUrl\":\"https:\\\/\\\/www.hrankovic.eu\\\/portal\\\/wp-content\\\/uploads\\\/2013\\\/09\\\/safet_susic_011.jpg\",\"width\":600,\"height\":300},{\"@type\":\"BreadcrumbList\",\"@id\":\"https:\\\/\\\/www.hrankovic.eu\\\/portal\\\/safet-susic-vise-nije-selektor-nogometne-reprezentacije-bih\\\/#breadcrumb\",\"itemListElement\":[{\"@type\":\"ListItem\",\"position\":1,\"name\":\"Home\",\"item\":\"https:\\\/\\\/www.hrankovic.eu\\\/portal\\\/\"},{\"@type\":\"ListItem\",\"position\":2,\"name\":\"Safet Su\u0161i\u0107 vi\u0161e nije selektor nogometne reprezentacije BiH\"}]},{\"@type\":\"WebSite\",\"@id\":\"https:\\\/\\\/www.hrankovic.eu\\\/portal\\\/#website\",\"url\":\"https:\\\/\\\/www.hrankovic.eu\\\/portal\\\/\",\"name\":\"HRANKOVI\u0106 ONLINE\",\"description\":\"Korist za budu\u0107nost na\u0161eg HRANKOVI\u0106A\",\"potentialAction\":[{\"@type\":\"SearchAction\",\"target\":{\"@type\":\"EntryPoint\",\"urlTemplate\":\"https:\\\/\\\/www.hrankovic.eu\\\/portal\\\/?s={search_term_string}\"},\"query-input\":{\"@type\":\"PropertyValueSpecification\",\"valueRequired\":true,\"valueName\":\"search_term_string\"}}],\"inLanguage\":\"bs-BA\"},{\"@type\":\"Person\",\"@id\":\"https:\\\/\\\/www.hrankovic.eu\\\/portal\\\/#\\\/schema\\\/person\\\/525ec15f5e49246a31046f58ad14f0e8\",\"name\":\"El_San\",\"image\":{\"@type\":\"ImageObject\",\"inLanguage\":\"bs-BA\",\"@id\":\"https:\\\/\\\/secure.gravatar.com\\\/avatar\\\/d4b5b3419e24d66a6541e9866871acc9839d89a80d14476aa522b02368193380?s=96&d=wp_user_avatar&r=g\",\"url\":\"https:\\\/\\\/secure.gravatar.com\\\/avatar\\\/d4b5b3419e24d66a6541e9866871acc9839d89a80d14476aa522b02368193380?s=96&d=wp_user_avatar&r=g\",\"contentUrl\":\"https:\\\/\\\/secure.gravatar.com\\\/avatar\\\/d4b5b3419e24d66a6541e9866871acc9839d89a80d14476aa522b02368193380?s=96&d=wp_user_avatar&r=g\",\"caption\":\"El_San\"},\"sameAs\":[\"https:\\\/\\\/www.facebook.com\\\/hrankovljanin\"]}]}<\/script>\n<!-- \/ Yoast SEO plugin. -->","yoast_head_json":{"title":"Safet Su\u0161i\u0107 vi\u0161e nije selektor nogometne reprezentacije BiH &#8211; HRANKOVI\u0106 ONLINE","robots":{"index":"index","follow":"follow","max-snippet":"max-snippet:-1","max-image-preview":"max-image-preview:large","max-video-preview":"max-video-preview:-1"},"canonical":"https:\/\/www.hrankovic.eu\/portal\/safet-susic-vise-nije-selektor-nogometne-reprezentacije-bih\/","og_locale":"bs_BA","og_type":"article","og_title":"Safet Su\u0161i\u0107 vi\u0161e nije selektor nogometne reprezentacije BiH &#8211; HRANKOVI\u0106 ONLINE","og_description":"Safet Su\u0161i\u0107 vi\u0161e nije selektor nogometne reprezentacije BiH. Ova odluka donesena je na dana\u0161njoj sjednici Izvr\u0161nog odbora Nogometnog saveza BiH. Nakon \u010detiri utakmice kvalifikacija za Euro 2016, Su\u0161i\u0107eva sudbina zape\u010da\u0107ena je sino\u0107 u Haifi, gdje su Zmajevi izgubili od Izraela 3:0.Prethodno, Papetovi izabranici pora\u017eeni su u Zenici protiv Kipra (2:1), te su ubilje\u017eili dva remija &hellip;","og_url":"https:\/\/www.hrankovic.eu\/portal\/safet-susic-vise-nije-selektor-nogometne-reprezentacije-bih\/","og_site_name":"HRANKOVI\u0106 ONLINE","article_publisher":"https:\/\/www.facebook.com\/GHrankovic\/","article_author":"https:\/\/www.facebook.com\/hrankovljanin","article_published_time":"2014-11-17T19:24:04+00:00","og_image":[{"width":600,"height":300,"url":"https:\/\/www.hrankovic.eu\/portal\/wp-content\/uploads\/2013\/09\/safet_susic_011.jpg","type":"image\/jpeg"}],"author":"El_San","twitter_card":"summary_large_image","twitter_misc":{"Written by":"El_San","Est. reading time":"2 minute"},"schema":{"@context":"https:\/\/schema.org","@graph":[{"@type":"Article","@id":"https:\/\/www.hrankovic.eu\/portal\/safet-susic-vise-nije-selektor-nogometne-reprezentacije-bih\/#article","isPartOf":{"@id":"https:\/\/www.hrankovic.eu\/portal\/safet-susic-vise-nije-selektor-nogometne-reprezentacije-bih\/"},"author":{"name":"El_San","@id":"https:\/\/www.hrankovic.eu\/portal\/#\/schema\/person\/525ec15f5e49246a31046f58ad14f0e8"},"headline":"Safet Su\u0161i\u0107 vi\u0161e nije selektor nogometne reprezentacije BiH","datePublished":"2014-11-17T19:24:04+00:00","mainEntityOfPage":{"@id":"https:\/\/www.hrankovic.eu\/portal\/safet-susic-vise-nije-selektor-nogometne-reprezentacije-bih\/"},"wordCount":367,"commentCount":0,"image":{"@id":"https:\/\/www.hrankovic.eu\/portal\/safet-susic-vise-nije-selektor-nogometne-reprezentacije-bih\/#primaryimage"},"thumbnailUrl":"https:\/\/www.hrankovic.eu\/portal\/wp-content\/uploads\/2013\/09\/safet_susic_011.jpg","articleSection":["REPREZENTACIJA"],"inLanguage":"bs-BA","potentialAction":[{"@type":"CommentAction","name":"Comment","target":["https:\/\/www.hrankovic.eu\/portal\/safet-susic-vise-nije-selektor-nogometne-reprezentacije-bih\/#respond"]}]},{"@type":"WebPage","@id":"https:\/\/www.hrankovic.eu\/portal\/safet-susic-vise-nije-selektor-nogometne-reprezentacije-bih\/","url":"https:\/\/www.hrankovic.eu\/portal\/safet-susic-vise-nije-selektor-nogometne-reprezentacije-bih\/","name":"Safet Su\u0161i\u0107 vi\u0161e nije selektor nogometne reprezentacije BiH &#8211; HRANKOVI\u0106 ONLINE","isPartOf":{"@id":"https:\/\/www.hrankovic.eu\/portal\/#website"},"primaryImageOfPage":{"@id":"https:\/\/www.hrankovic.eu\/portal\/safet-susic-vise-nije-selektor-nogometne-reprezentacije-bih\/#primaryimage"},"image":{"@id":"https:\/\/www.hrankovic.eu\/portal\/safet-susic-vise-nije-selektor-nogometne-reprezentacije-bih\/#primaryimage"},"thumbnailUrl":"https:\/\/www.hrankovic.eu\/portal\/wp-content\/uploads\/2013\/09\/safet_susic_011.jpg","datePublished":"2014-11-17T19:24:04+00:00","author":{"@id":"https:\/\/www.hrankovic.eu\/portal\/#\/schema\/person\/525ec15f5e49246a31046f58ad14f0e8"},"breadcrumb":{"@id":"https:\/\/www.hrankovic.eu\/portal\/safet-susic-vise-nije-selektor-nogometne-reprezentacije-bih\/#breadcrumb"},"inLanguage":"bs-BA","potentialAction":[{"@type":"ReadAction","target":["https:\/\/www.hrankovic.eu\/portal\/safet-susic-vise-nije-selektor-nogometne-reprezentacije-bih\/"]}]},{"@type":"ImageObject","inLanguage":"bs-BA","@id":"https:\/\/www.hrankovic.eu\/portal\/safet-susic-vise-nije-selektor-nogometne-reprezentacije-bih\/#primaryimage","url":"https:\/\/www.hrankovic.eu\/portal\/wp-content\/uploads\/2013\/09\/safet_susic_011.jpg","contentUrl":"https:\/\/www.hrankovic.eu\/portal\/wp-content\/uploads\/2013\/09\/safet_susic_011.jpg","width":600,"height":300},{"@type":"BreadcrumbList","@id":"https:\/\/www.hrankovic.eu\/portal\/safet-susic-vise-nije-selektor-nogometne-reprezentacije-bih\/#breadcrumb","itemListElement":[{"@type":"ListItem","position":1,"name":"Home","item":"https:\/\/www.hrankovic.eu\/portal\/"},{"@type":"ListItem","position":2,"name":"Safet Su\u0161i\u0107 vi\u0161e nije selektor nogometne reprezentacije BiH"}]},{"@type":"WebSite","@id":"https:\/\/www.hrankovic.eu\/portal\/#website","url":"https:\/\/www.hrankovic.eu\/portal\/","name":"HRANKOVI\u0106 ONLINE","description":"Korist za budu\u0107nost na\u0161eg HRANKOVI\u0106A","potentialAction":[{"@type":"SearchAction","target":{"@type":"EntryPoint","urlTemplate":"https:\/\/www.hrankovic.eu\/portal\/?s={search_term_string}"},"query-input":{"@type":"PropertyValueSpecification","valueRequired":true,"valueName":"search_term_string"}}],"inLanguage":"bs-BA"},{"@type":"Person","@id":"https:\/\/www.hrankovic.eu\/portal\/#\/schema\/person\/525ec15f5e49246a31046f58ad14f0e8","name":"El_San","image":{"@type":"ImageObject","inLanguage":"bs-BA","@id":"https:\/\/secure.gravatar.com\/avatar\/d4b5b3419e24d66a6541e9866871acc9839d89a80d14476aa522b02368193380?s=96&d=wp_user_avatar&r=g","url":"https:\/\/secure.gravatar.com\/avatar\/d4b5b3419e24d66a6541e9866871acc9839d89a80d14476aa522b02368193380?s=96&d=wp_user_avatar&r=g","contentUrl":"https:\/\/secure.gravatar.com\/avatar\/d4b5b3419e24d66a6541e9866871acc9839d89a80d14476aa522b02368193380?s=96&d=wp_user_avatar&r=g","caption":"El_San"},"sameAs":["https:\/\/www.facebook.com\/hrankovljanin"]}]}},"_links":{"self":[{"href":"https:\/\/www.hrankovic.eu\/portal\/wp-json\/wp\/v2\/posts\/4741","targetHints":{"allow":["GET"]}}],"collection":[{"href":"https:\/\/www.hrankovic.eu\/portal\/wp-json\/wp\/v2\/posts"}],"about":[{"href":"https:\/\/www.hrankovic.eu\/portal\/wp-json\/wp\/v2\/types\/post"}],"author":[{"embeddable":true,"href":"https:\/\/www.hrankovic.eu\/portal\/wp-json\/wp\/v2\/users\/2"}],"replies":[{"embeddable":true,"href":"https:\/\/www.hrankovic.eu\/portal\/wp-json\/wp\/v2\/comments?post=4741"}],"version-history":[{"count":1,"href":"https:\/\/www.hrankovic.eu\/portal\/wp-json\/wp\/v2\/posts\/4741\/revisions"}],"predecessor-version":[{"id":4742,"href":"https:\/\/www.hrankovic.eu\/portal\/wp-json\/wp\/v2\/posts\/4741\/revisions\/4742"}],"wp:featuredmedia":[{"embeddable":true,"href":"https:\/\/www.hrankovic.eu\/portal\/wp-json\/wp\/v2\/media\/1203"}],"wp:attachment":[{"href":"https:\/\/www.hrankovic.eu\/portal\/wp-json\/wp\/v2\/media?parent=4741"}],"wp:term":[{"taxonomy":"category","embeddable":true,"href":"https:\/\/www.hrankovic.eu\/portal\/wp-json\/wp\/v2\/categories?post=4741"},{"taxonomy":"post_tag","embeddable":true,"href":"https:\/\/www.hrankovic.eu\/portal\/wp-json\/wp\/v2\/tags?post=4741"}],"curies":[{"name":"wp","href":"https:\/\/api.w.org\/{rel}","templated":true}]}}