{"id":4565,"date":"2014-10-13T22:42:34","date_gmt":"2014-10-13T20:42:34","guid":{"rendered":"http:\/\/www.hrankovic.eu\/portal\/?p=4565"},"modified":"2014-10-13T22:43:58","modified_gmt":"2014-10-13T20:43:58","slug":"jos-jedan-remi-nase-reprezentacije","status":"publish","type":"post","link":"https:\/\/www.hrankovic.eu\/portal\/jos-jedan-remi-nase-reprezentacije\/","title":{"rendered":"Jo\u0161 jedan remi na\u0161e Reprezentacije!"},"content":{"rendered":"<p>Utakmica izme\u0111u BiH i Belgije ve\u0107 od prve minute je obe\u0107avala, ali je u 28. minuti golom Edina D\u017eeke stadion Bilino Polje proklju\u010dao, a zatim su hiljade navija\u010da skandirale ime na\u0161eg kapitena, pi\u0161e Patria.<\/p>\n<p>Stadion je ispunjen do posljednjeg mjesta, a Zmajevi ve\u010deras daju sve od sebe kako bi rezultat bio \u0161to povoljniji za na\u0161u selekciju.<\/p>\n<p>Navija\u010di su do\u0161li iz svih dijelova BiH, ali i dijaspore kojima je ovo neopisiv do\u017eivljavaj. Na tribinama je na po\u010detku utakmice dok se intonirala himne BiH razvijena\u00a0najve\u0107a bh. zastava, a plavo-\u017euta boja dominira ve\u010deras Zenicom.<\/p>\n<p>Sastav koji je selektor Su\u0161i\u0107 izveo na teren:\u00a0Begovi\u0107, Mujd\u017ea, \u0160unji\u0107, Had\u017ei\u0107, Luli\u0107, Be\u0161i\u0107, Medunjanin, Pjani\u0107, Su\u0161i\u0107, Ibi\u0161evi\u0107, D\u017eeko.<\/p>\n<p>Begovi\u0107 je u nekoliko situacija dokazao za\u0161to je &#8220;ministar odbrane&#8221;, ali ve\u0107e opasnosti do poluvremena nije bilo.<\/p>\n<p>Samo nekoliko minuta nakon po\u010detka drugog poluvremena Belgija je izjedna\u010dila i na kraju rezultat je bio\u00a0 1:1.<\/p>\n","protected":false},"excerpt":{"rendered":"<p>Utakmica izme\u0111u BiH i Belgije ve\u0107 od prve minute je obe\u0107avala, ali je u 28. minuti golom Edina D\u017eeke stadion Bilino Polje proklju\u010dao, a zatim su hiljade navija\u010da skandirale ime na\u0161eg kapitena, pi\u0161e Patria. Stadion je ispunjen do posljednjeg mjesta, a Zmajevi ve\u010deras daju sve od sebe kako bi rezultat bio \u0161to povoljniji za na\u0161u &hellip;<\/p>\n","protected":false},"author":2,"featured_media":4536,"comment_status":"open","ping_status":"closed","sticky":false,"template":"","format":"standard","meta":{"_crdt_document":"","_exactmetrics_skip_tracking":false,"_exactmetrics_sitenote_active":false,"_exactmetrics_sitenote_note":"","_exactmetrics_sitenote_category":0,"ngg_post_thumbnail":0,"footnotes":""},"categories":[93],"tags":[],"class_list":["post-4565","post","type-post","status-publish","format-standard","has-post-thumbnail","","category-reprezentacija"],"yoast_head":"<!-- This site is optimized with the Yoast SEO plugin v27.5 - https:\/\/yoast.com\/product\/yoast-seo-wordpress\/ -->\n<title>Jo\u0161 jedan remi na\u0161e Reprezentacije! &#8211; HRANKOVI\u0106 ONLINE<\/title>\n<meta name=\"robots\" content=\"index, follow, max-snippet:-1, max-image-preview:large, max-video-preview:-1\" \/>\n<link rel=\"canonical\" href=\"https:\/\/www.hrankovic.eu\/portal\/jos-jedan-remi-nase-reprezentacije\/\" \/>\n<meta property=\"og:locale\" content=\"bs_BA\" \/>\n<meta property=\"og:type\" content=\"article\" \/>\n<meta property=\"og:title\" content=\"Jo\u0161 jedan remi na\u0161e Reprezentacije! &#8211; HRANKOVI\u0106 ONLINE\" \/>\n<meta property=\"og:description\" content=\"Utakmica izme\u0111u BiH i Belgije ve\u0107 od prve minute je obe\u0107avala, ali je u 28. minuti golom Edina D\u017eeke stadion Bilino Polje proklju\u010dao, a zatim su hiljade navija\u010da skandirale ime na\u0161eg kapitena, pi\u0161e Patria. Stadion je ispunjen do posljednjeg mjesta, a Zmajevi ve\u010deras daju sve od sebe kako bi rezultat bio \u0161to povoljniji za na\u0161u &hellip;\" \/>\n<meta property=\"og:url\" content=\"https:\/\/www.hrankovic.eu\/portal\/jos-jedan-remi-nase-reprezentacije\/\" \/>\n<meta property=\"og:site_name\" content=\"HRANKOVI\u0106 ONLINE\" \/>\n<meta property=\"article:publisher\" content=\"https:\/\/www.facebook.com\/GHrankovic\/\" \/>\n<meta property=\"article:author\" content=\"https:\/\/www.facebook.com\/hrankovljanin\" \/>\n<meta property=\"article:published_time\" content=\"2014-10-13T20:42:34+00:00\" \/>\n<meta property=\"article:modified_time\" content=\"2014-10-13T20:43:58+00:00\" \/>\n<meta property=\"og:image\" content=\"https:\/\/www.hrankovic.eu\/portal\/wp-content\/uploads\/2014\/10\/bih_reprezentacija.jpg\" \/>\n\t<meta property=\"og:image:width\" content=\"610\" \/>\n\t<meta property=\"og:image:height\" content=\"350\" \/>\n\t<meta property=\"og:image:type\" content=\"image\/jpeg\" \/>\n<meta name=\"author\" content=\"El_San\" \/>\n<meta name=\"twitter:card\" content=\"summary_large_image\" \/>\n<meta name=\"twitter:label1\" content=\"Written by\" \/>\n\t<meta name=\"twitter:data1\" content=\"El_San\" \/>\n\t<meta name=\"twitter:label2\" content=\"Est. reading time\" \/>\n\t<meta name=\"twitter:data2\" content=\"1 minuta\" \/>\n<script type=\"application\/ld+json\" class=\"yoast-schema-graph\">{\"@context\":\"https:\\\/\\\/schema.org\",\"@graph\":[{\"@type\":\"Article\",\"@id\":\"https:\\\/\\\/www.hrankovic.eu\\\/portal\\\/jos-jedan-remi-nase-reprezentacije\\\/#article\",\"isPartOf\":{\"@id\":\"https:\\\/\\\/www.hrankovic.eu\\\/portal\\\/jos-jedan-remi-nase-reprezentacije\\\/\"},\"author\":{\"name\":\"El_San\",\"@id\":\"https:\\\/\\\/www.hrankovic.eu\\\/portal\\\/#\\\/schema\\\/person\\\/525ec15f5e49246a31046f58ad14f0e8\"},\"headline\":\"Jo\u0161 jedan remi na\u0161e Reprezentacije!\",\"datePublished\":\"2014-10-13T20:42:34+00:00\",\"dateModified\":\"2014-10-13T20:43:58+00:00\",\"mainEntityOfPage\":{\"@id\":\"https:\\\/\\\/www.hrankovic.eu\\\/portal\\\/jos-jedan-remi-nase-reprezentacije\\\/\"},\"wordCount\":176,\"commentCount\":0,\"image\":{\"@id\":\"https:\\\/\\\/www.hrankovic.eu\\\/portal\\\/jos-jedan-remi-nase-reprezentacije\\\/#primaryimage\"},\"thumbnailUrl\":\"https:\\\/\\\/www.hrankovic.eu\\\/portal\\\/wp-content\\\/uploads\\\/2014\\\/10\\\/bih_reprezentacija.jpg\",\"articleSection\":[\"REPREZENTACIJA\"],\"inLanguage\":\"bs-BA\",\"potentialAction\":[{\"@type\":\"CommentAction\",\"name\":\"Comment\",\"target\":[\"https:\\\/\\\/www.hrankovic.eu\\\/portal\\\/jos-jedan-remi-nase-reprezentacije\\\/#respond\"]}]},{\"@type\":\"WebPage\",\"@id\":\"https:\\\/\\\/www.hrankovic.eu\\\/portal\\\/jos-jedan-remi-nase-reprezentacije\\\/\",\"url\":\"https:\\\/\\\/www.hrankovic.eu\\\/portal\\\/jos-jedan-remi-nase-reprezentacije\\\/\",\"name\":\"Jo\u0161 jedan remi na\u0161e Reprezentacije! &#8211; HRANKOVI\u0106 ONLINE\",\"isPartOf\":{\"@id\":\"https:\\\/\\\/www.hrankovic.eu\\\/portal\\\/#website\"},\"primaryImageOfPage\":{\"@id\":\"https:\\\/\\\/www.hrankovic.eu\\\/portal\\\/jos-jedan-remi-nase-reprezentacije\\\/#primaryimage\"},\"image\":{\"@id\":\"https:\\\/\\\/www.hrankovic.eu\\\/portal\\\/jos-jedan-remi-nase-reprezentacije\\\/#primaryimage\"},\"thumbnailUrl\":\"https:\\\/\\\/www.hrankovic.eu\\\/portal\\\/wp-content\\\/uploads\\\/2014\\\/10\\\/bih_reprezentacija.jpg\",\"datePublished\":\"2014-10-13T20:42:34+00:00\",\"dateModified\":\"2014-10-13T20:43:58+00:00\",\"author\":{\"@id\":\"https:\\\/\\\/www.hrankovic.eu\\\/portal\\\/#\\\/schema\\\/person\\\/525ec15f5e49246a31046f58ad14f0e8\"},\"breadcrumb\":{\"@id\":\"https:\\\/\\\/www.hrankovic.eu\\\/portal\\\/jos-jedan-remi-nase-reprezentacije\\\/#breadcrumb\"},\"inLanguage\":\"bs-BA\",\"potentialAction\":[{\"@type\":\"ReadAction\",\"target\":[\"https:\\\/\\\/www.hrankovic.eu\\\/portal\\\/jos-jedan-remi-nase-reprezentacije\\\/\"]}]},{\"@type\":\"ImageObject\",\"inLanguage\":\"bs-BA\",\"@id\":\"https:\\\/\\\/www.hrankovic.eu\\\/portal\\\/jos-jedan-remi-nase-reprezentacije\\\/#primaryimage\",\"url\":\"https:\\\/\\\/www.hrankovic.eu\\\/portal\\\/wp-content\\\/uploads\\\/2014\\\/10\\\/bih_reprezentacija.jpg\",\"contentUrl\":\"https:\\\/\\\/www.hrankovic.eu\\\/portal\\\/wp-content\\\/uploads\\\/2014\\\/10\\\/bih_reprezentacija.jpg\",\"width\":610,\"height\":350},{\"@type\":\"BreadcrumbList\",\"@id\":\"https:\\\/\\\/www.hrankovic.eu\\\/portal\\\/jos-jedan-remi-nase-reprezentacije\\\/#breadcrumb\",\"itemListElement\":[{\"@type\":\"ListItem\",\"position\":1,\"name\":\"Home\",\"item\":\"https:\\\/\\\/www.hrankovic.eu\\\/portal\\\/\"},{\"@type\":\"ListItem\",\"position\":2,\"name\":\"Jo\u0161 jedan remi na\u0161e Reprezentacije!\"}]},{\"@type\":\"WebSite\",\"@id\":\"https:\\\/\\\/www.hrankovic.eu\\\/portal\\\/#website\",\"url\":\"https:\\\/\\\/www.hrankovic.eu\\\/portal\\\/\",\"name\":\"HRANKOVI\u0106 ONLINE\",\"description\":\"Korist za budu\u0107nost na\u0161eg HRANKOVI\u0106A\",\"potentialAction\":[{\"@type\":\"SearchAction\",\"target\":{\"@type\":\"EntryPoint\",\"urlTemplate\":\"https:\\\/\\\/www.hrankovic.eu\\\/portal\\\/?s={search_term_string}\"},\"query-input\":{\"@type\":\"PropertyValueSpecification\",\"valueRequired\":true,\"valueName\":\"search_term_string\"}}],\"inLanguage\":\"bs-BA\"},{\"@type\":\"Person\",\"@id\":\"https:\\\/\\\/www.hrankovic.eu\\\/portal\\\/#\\\/schema\\\/person\\\/525ec15f5e49246a31046f58ad14f0e8\",\"name\":\"El_San\",\"image\":{\"@type\":\"ImageObject\",\"inLanguage\":\"bs-BA\",\"@id\":\"https:\\\/\\\/secure.gravatar.com\\\/avatar\\\/d4b5b3419e24d66a6541e9866871acc9839d89a80d14476aa522b02368193380?s=96&d=wp_user_avatar&r=g\",\"url\":\"https:\\\/\\\/secure.gravatar.com\\\/avatar\\\/d4b5b3419e24d66a6541e9866871acc9839d89a80d14476aa522b02368193380?s=96&d=wp_user_avatar&r=g\",\"contentUrl\":\"https:\\\/\\\/secure.gravatar.com\\\/avatar\\\/d4b5b3419e24d66a6541e9866871acc9839d89a80d14476aa522b02368193380?s=96&d=wp_user_avatar&r=g\",\"caption\":\"El_San\"},\"sameAs\":[\"https:\\\/\\\/www.facebook.com\\\/hrankovljanin\"]}]}<\/script>\n<!-- \/ Yoast SEO plugin. -->","yoast_head_json":{"title":"Jo\u0161 jedan remi na\u0161e Reprezentacije! &#8211; HRANKOVI\u0106 ONLINE","robots":{"index":"index","follow":"follow","max-snippet":"max-snippet:-1","max-image-preview":"max-image-preview:large","max-video-preview":"max-video-preview:-1"},"canonical":"https:\/\/www.hrankovic.eu\/portal\/jos-jedan-remi-nase-reprezentacije\/","og_locale":"bs_BA","og_type":"article","og_title":"Jo\u0161 jedan remi na\u0161e Reprezentacije! &#8211; HRANKOVI\u0106 ONLINE","og_description":"Utakmica izme\u0111u BiH i Belgije ve\u0107 od prve minute je obe\u0107avala, ali je u 28. minuti golom Edina D\u017eeke stadion Bilino Polje proklju\u010dao, a zatim su hiljade navija\u010da skandirale ime na\u0161eg kapitena, pi\u0161e Patria. Stadion je ispunjen do posljednjeg mjesta, a Zmajevi ve\u010deras daju sve od sebe kako bi rezultat bio \u0161to povoljniji za na\u0161u &hellip;","og_url":"https:\/\/www.hrankovic.eu\/portal\/jos-jedan-remi-nase-reprezentacije\/","og_site_name":"HRANKOVI\u0106 ONLINE","article_publisher":"https:\/\/www.facebook.com\/GHrankovic\/","article_author":"https:\/\/www.facebook.com\/hrankovljanin","article_published_time":"2014-10-13T20:42:34+00:00","article_modified_time":"2014-10-13T20:43:58+00:00","og_image":[{"width":610,"height":350,"url":"https:\/\/www.hrankovic.eu\/portal\/wp-content\/uploads\/2014\/10\/bih_reprezentacija.jpg","type":"image\/jpeg"}],"author":"El_San","twitter_card":"summary_large_image","twitter_misc":{"Written by":"El_San","Est. reading time":"1 minuta"},"schema":{"@context":"https:\/\/schema.org","@graph":[{"@type":"Article","@id":"https:\/\/www.hrankovic.eu\/portal\/jos-jedan-remi-nase-reprezentacije\/#article","isPartOf":{"@id":"https:\/\/www.hrankovic.eu\/portal\/jos-jedan-remi-nase-reprezentacije\/"},"author":{"name":"El_San","@id":"https:\/\/www.hrankovic.eu\/portal\/#\/schema\/person\/525ec15f5e49246a31046f58ad14f0e8"},"headline":"Jo\u0161 jedan remi na\u0161e Reprezentacije!","datePublished":"2014-10-13T20:42:34+00:00","dateModified":"2014-10-13T20:43:58+00:00","mainEntityOfPage":{"@id":"https:\/\/www.hrankovic.eu\/portal\/jos-jedan-remi-nase-reprezentacije\/"},"wordCount":176,"commentCount":0,"image":{"@id":"https:\/\/www.hrankovic.eu\/portal\/jos-jedan-remi-nase-reprezentacije\/#primaryimage"},"thumbnailUrl":"https:\/\/www.hrankovic.eu\/portal\/wp-content\/uploads\/2014\/10\/bih_reprezentacija.jpg","articleSection":["REPREZENTACIJA"],"inLanguage":"bs-BA","potentialAction":[{"@type":"CommentAction","name":"Comment","target":["https:\/\/www.hrankovic.eu\/portal\/jos-jedan-remi-nase-reprezentacije\/#respond"]}]},{"@type":"WebPage","@id":"https:\/\/www.hrankovic.eu\/portal\/jos-jedan-remi-nase-reprezentacije\/","url":"https:\/\/www.hrankovic.eu\/portal\/jos-jedan-remi-nase-reprezentacije\/","name":"Jo\u0161 jedan remi na\u0161e Reprezentacije! &#8211; HRANKOVI\u0106 ONLINE","isPartOf":{"@id":"https:\/\/www.hrankovic.eu\/portal\/#website"},"primaryImageOfPage":{"@id":"https:\/\/www.hrankovic.eu\/portal\/jos-jedan-remi-nase-reprezentacije\/#primaryimage"},"image":{"@id":"https:\/\/www.hrankovic.eu\/portal\/jos-jedan-remi-nase-reprezentacije\/#primaryimage"},"thumbnailUrl":"https:\/\/www.hrankovic.eu\/portal\/wp-content\/uploads\/2014\/10\/bih_reprezentacija.jpg","datePublished":"2014-10-13T20:42:34+00:00","dateModified":"2014-10-13T20:43:58+00:00","author":{"@id":"https:\/\/www.hrankovic.eu\/portal\/#\/schema\/person\/525ec15f5e49246a31046f58ad14f0e8"},"breadcrumb":{"@id":"https:\/\/www.hrankovic.eu\/portal\/jos-jedan-remi-nase-reprezentacije\/#breadcrumb"},"inLanguage":"bs-BA","potentialAction":[{"@type":"ReadAction","target":["https:\/\/www.hrankovic.eu\/portal\/jos-jedan-remi-nase-reprezentacije\/"]}]},{"@type":"ImageObject","inLanguage":"bs-BA","@id":"https:\/\/www.hrankovic.eu\/portal\/jos-jedan-remi-nase-reprezentacije\/#primaryimage","url":"https:\/\/www.hrankovic.eu\/portal\/wp-content\/uploads\/2014\/10\/bih_reprezentacija.jpg","contentUrl":"https:\/\/www.hrankovic.eu\/portal\/wp-content\/uploads\/2014\/10\/bih_reprezentacija.jpg","width":610,"height":350},{"@type":"BreadcrumbList","@id":"https:\/\/www.hrankovic.eu\/portal\/jos-jedan-remi-nase-reprezentacije\/#breadcrumb","itemListElement":[{"@type":"ListItem","position":1,"name":"Home","item":"https:\/\/www.hrankovic.eu\/portal\/"},{"@type":"ListItem","position":2,"name":"Jo\u0161 jedan remi na\u0161e Reprezentacije!"}]},{"@type":"WebSite","@id":"https:\/\/www.hrankovic.eu\/portal\/#website","url":"https:\/\/www.hrankovic.eu\/portal\/","name":"HRANKOVI\u0106 ONLINE","description":"Korist za budu\u0107nost na\u0161eg HRANKOVI\u0106A","potentialAction":[{"@type":"SearchAction","target":{"@type":"EntryPoint","urlTemplate":"https:\/\/www.hrankovic.eu\/portal\/?s={search_term_string}"},"query-input":{"@type":"PropertyValueSpecification","valueRequired":true,"valueName":"search_term_string"}}],"inLanguage":"bs-BA"},{"@type":"Person","@id":"https:\/\/www.hrankovic.eu\/portal\/#\/schema\/person\/525ec15f5e49246a31046f58ad14f0e8","name":"El_San","image":{"@type":"ImageObject","inLanguage":"bs-BA","@id":"https:\/\/secure.gravatar.com\/avatar\/d4b5b3419e24d66a6541e9866871acc9839d89a80d14476aa522b02368193380?s=96&d=wp_user_avatar&r=g","url":"https:\/\/secure.gravatar.com\/avatar\/d4b5b3419e24d66a6541e9866871acc9839d89a80d14476aa522b02368193380?s=96&d=wp_user_avatar&r=g","contentUrl":"https:\/\/secure.gravatar.com\/avatar\/d4b5b3419e24d66a6541e9866871acc9839d89a80d14476aa522b02368193380?s=96&d=wp_user_avatar&r=g","caption":"El_San"},"sameAs":["https:\/\/www.facebook.com\/hrankovljanin"]}]}},"_links":{"self":[{"href":"https:\/\/www.hrankovic.eu\/portal\/wp-json\/wp\/v2\/posts\/4565","targetHints":{"allow":["GET"]}}],"collection":[{"href":"https:\/\/www.hrankovic.eu\/portal\/wp-json\/wp\/v2\/posts"}],"about":[{"href":"https:\/\/www.hrankovic.eu\/portal\/wp-json\/wp\/v2\/types\/post"}],"author":[{"embeddable":true,"href":"https:\/\/www.hrankovic.eu\/portal\/wp-json\/wp\/v2\/users\/2"}],"replies":[{"embeddable":true,"href":"https:\/\/www.hrankovic.eu\/portal\/wp-json\/wp\/v2\/comments?post=4565"}],"version-history":[{"count":1,"href":"https:\/\/www.hrankovic.eu\/portal\/wp-json\/wp\/v2\/posts\/4565\/revisions"}],"predecessor-version":[{"id":4566,"href":"https:\/\/www.hrankovic.eu\/portal\/wp-json\/wp\/v2\/posts\/4565\/revisions\/4566"}],"wp:featuredmedia":[{"embeddable":true,"href":"https:\/\/www.hrankovic.eu\/portal\/wp-json\/wp\/v2\/media\/4536"}],"wp:attachment":[{"href":"https:\/\/www.hrankovic.eu\/portal\/wp-json\/wp\/v2\/media?parent=4565"}],"wp:term":[{"taxonomy":"category","embeddable":true,"href":"https:\/\/www.hrankovic.eu\/portal\/wp-json\/wp\/v2\/categories?post=4565"},{"taxonomy":"post_tag","embeddable":true,"href":"https:\/\/www.hrankovic.eu\/portal\/wp-json\/wp\/v2\/tags?post=4565"}],"curies":[{"name":"wp","href":"https:\/\/api.w.org\/{rel}","templated":true}]}}