{"id":4562,"date":"2014-10-13T20:44:12","date_gmt":"2014-10-13T18:44:12","guid":{"rendered":"http:\/\/www.hrankovic.eu\/portal\/?p=4562"},"modified":"2014-10-13T20:44:36","modified_gmt":"2014-10-13T18:44:36","slug":"veceras-na-bilinom-polju-nasi-reprezentativci-igraju-protiv-belgije","status":"publish","type":"post","link":"https:\/\/www.hrankovic.eu\/portal\/veceras-na-bilinom-polju-nasi-reprezentativci-igraju-protiv-belgije\/","title":{"rendered":"Ve\u010deras na Bilinom Polju na\u0161i reprezentativci igraju protiv Belgije"},"content":{"rendered":"<p><strong>U Zenici je sve spremno za ve\u010dera\u0161nju utakmicu Zmajeva sa selekcijom Belgije. Sve je ve\u0107i broj navija\u010da BiH, koji s brojnim navija\u010dkim rekvizitima pristi\u017eu iz mnogih gradova, a oni najuporniji tra\u017ee svoju &#8220;kartu vi\u0161ka\u201c.<\/strong><\/p>\n<p>Na sino\u0107njim treninzima nije su vidjelo puno toga, ali je trener gostiju Marc Wilmots najavio da \u0107e zaigrati na pobjedu s kojom bi puno toga rije\u0161io ve\u0107 u prvom dijelu kvalifikacija. Selektor Safet Su\u0161i\u0107 tako\u0111er mora zaigrati na pobjedu, nakon slabog starta u prve dvije utakmice i za sada premalog broja bodova, tako da se ve\u010deras na stadionu Bilino polje mo\u017ee o\u010dekivati dobra utakmica, koju bi trebali za\u010diniti nastupi evropskih nogometnih zvijezda.<\/p>\n<p>Koliko je interesovanje za ovu utakmicu, najbolje pokazuje dolazak oko 50 belgijanskih novinara s tehni\u010dkim ekipama, a utakmicu \u0107e za bh. medije pratiti 108 medijskih radnika, plus velika ekipa nosilaca televizijskih prava.<\/p>\n<p>S obzirom na to da je utakmica od posebne va\u017enosti za obje ekipe policijski timovi i za\u0161titari nekoliko agencija realiziraju planove i poduzimaju posebne mjere na sigurnosnom planu.<\/p>\n<p>Kvalifikaciona utakmica Bosne i Hercegovina &#8211; Belgija igra se u 20 sati i 45 minuta, a osigurani su i televizijski prijenosi.<\/p>\n<p>(fena)<\/p>\n","protected":false},"excerpt":{"rendered":"<p>U Zenici je sve spremno za ve\u010dera\u0161nju utakmicu Zmajeva sa selekcijom Belgije. Sve je ve\u0107i broj navija\u010da BiH, koji s brojnim navija\u010dkim rekvizitima pristi\u017eu iz mnogih gradova, a oni najuporniji tra\u017ee svoju &#8220;kartu vi\u0161ka\u201c. Na sino\u0107njim treninzima nije su vidjelo puno toga, ali je trener gostiju Marc Wilmots najavio da \u0107e zaigrati na pobjedu s &hellip;<\/p>\n","protected":false},"author":2,"featured_media":4563,"comment_status":"open","ping_status":"closed","sticky":false,"template":"","format":"standard","meta":{"_crdt_document":"","_exactmetrics_skip_tracking":false,"_exactmetrics_sitenote_active":false,"_exactmetrics_sitenote_note":"","_exactmetrics_sitenote_category":0,"ngg_post_thumbnail":0,"footnotes":""},"categories":[93],"tags":[],"class_list":["post-4562","post","type-post","status-publish","format-standard","has-post-thumbnail","","category-reprezentacija"],"yoast_head":"<!-- This site is optimized with the Yoast SEO plugin v27.5 - https:\/\/yoast.com\/product\/yoast-seo-wordpress\/ -->\n<title>Ve\u010deras na Bilinom Polju na\u0161i reprezentativci igraju protiv Belgije &#8211; HRANKOVI\u0106 ONLINE<\/title>\n<meta name=\"robots\" content=\"index, follow, max-snippet:-1, max-image-preview:large, max-video-preview:-1\" \/>\n<link rel=\"canonical\" href=\"https:\/\/www.hrankovic.eu\/portal\/veceras-na-bilinom-polju-nasi-reprezentativci-igraju-protiv-belgije\/\" \/>\n<meta property=\"og:locale\" content=\"bs_BA\" \/>\n<meta property=\"og:type\" content=\"article\" \/>\n<meta property=\"og:title\" content=\"Ve\u010deras na Bilinom Polju na\u0161i reprezentativci igraju protiv Belgije &#8211; HRANKOVI\u0106 ONLINE\" \/>\n<meta property=\"og:description\" content=\"U Zenici je sve spremno za ve\u010dera\u0161nju utakmicu Zmajeva sa selekcijom Belgije. Sve je ve\u0107i broj navija\u010da BiH, koji s brojnim navija\u010dkim rekvizitima pristi\u017eu iz mnogih gradova, a oni najuporniji tra\u017ee svoju &#8220;kartu vi\u0161ka\u201c. Na sino\u0107njim treninzima nije su vidjelo puno toga, ali je trener gostiju Marc Wilmots najavio da \u0107e zaigrati na pobjedu s &hellip;\" \/>\n<meta property=\"og:url\" content=\"https:\/\/www.hrankovic.eu\/portal\/veceras-na-bilinom-polju-nasi-reprezentativci-igraju-protiv-belgije\/\" \/>\n<meta property=\"og:site_name\" content=\"HRANKOVI\u0106 ONLINE\" \/>\n<meta property=\"article:publisher\" content=\"https:\/\/www.facebook.com\/GHrankovic\/\" \/>\n<meta property=\"article:author\" content=\"https:\/\/www.facebook.com\/hrankovljanin\" \/>\n<meta property=\"article:published_time\" content=\"2014-10-13T18:44:12+00:00\" \/>\n<meta property=\"article:modified_time\" content=\"2014-10-13T18:44:36+00:00\" \/>\n<meta property=\"og:image\" content=\"https:\/\/www.hrankovic.eu\/portal\/wp-content\/uploads\/2014\/10\/bilino-polje.jpg\" \/>\n\t<meta property=\"og:image:width\" content=\"640\" \/>\n\t<meta property=\"og:image:height\" content=\"408\" \/>\n\t<meta property=\"og:image:type\" content=\"image\/jpeg\" \/>\n<meta name=\"author\" content=\"El_San\" \/>\n<meta name=\"twitter:card\" content=\"summary_large_image\" \/>\n<meta name=\"twitter:label1\" content=\"Written by\" \/>\n\t<meta name=\"twitter:data1\" content=\"El_San\" \/>\n\t<meta name=\"twitter:label2\" content=\"Est. reading time\" \/>\n\t<meta name=\"twitter:data2\" content=\"1 minuta\" \/>\n<script type=\"application\/ld+json\" class=\"yoast-schema-graph\">{\"@context\":\"https:\\\/\\\/schema.org\",\"@graph\":[{\"@type\":\"Article\",\"@id\":\"https:\\\/\\\/www.hrankovic.eu\\\/portal\\\/veceras-na-bilinom-polju-nasi-reprezentativci-igraju-protiv-belgije\\\/#article\",\"isPartOf\":{\"@id\":\"https:\\\/\\\/www.hrankovic.eu\\\/portal\\\/veceras-na-bilinom-polju-nasi-reprezentativci-igraju-protiv-belgije\\\/\"},\"author\":{\"name\":\"El_San\",\"@id\":\"https:\\\/\\\/www.hrankovic.eu\\\/portal\\\/#\\\/schema\\\/person\\\/525ec15f5e49246a31046f58ad14f0e8\"},\"headline\":\"Ve\u010deras na Bilinom Polju na\u0161i reprezentativci igraju protiv Belgije\",\"datePublished\":\"2014-10-13T18:44:12+00:00\",\"dateModified\":\"2014-10-13T18:44:36+00:00\",\"mainEntityOfPage\":{\"@id\":\"https:\\\/\\\/www.hrankovic.eu\\\/portal\\\/veceras-na-bilinom-polju-nasi-reprezentativci-igraju-protiv-belgije\\\/\"},\"wordCount\":214,\"commentCount\":0,\"image\":{\"@id\":\"https:\\\/\\\/www.hrankovic.eu\\\/portal\\\/veceras-na-bilinom-polju-nasi-reprezentativci-igraju-protiv-belgije\\\/#primaryimage\"},\"thumbnailUrl\":\"https:\\\/\\\/www.hrankovic.eu\\\/portal\\\/wp-content\\\/uploads\\\/2014\\\/10\\\/bilino-polje.jpg\",\"articleSection\":[\"REPREZENTACIJA\"],\"inLanguage\":\"bs-BA\",\"potentialAction\":[{\"@type\":\"CommentAction\",\"name\":\"Comment\",\"target\":[\"https:\\\/\\\/www.hrankovic.eu\\\/portal\\\/veceras-na-bilinom-polju-nasi-reprezentativci-igraju-protiv-belgije\\\/#respond\"]}]},{\"@type\":\"WebPage\",\"@id\":\"https:\\\/\\\/www.hrankovic.eu\\\/portal\\\/veceras-na-bilinom-polju-nasi-reprezentativci-igraju-protiv-belgije\\\/\",\"url\":\"https:\\\/\\\/www.hrankovic.eu\\\/portal\\\/veceras-na-bilinom-polju-nasi-reprezentativci-igraju-protiv-belgije\\\/\",\"name\":\"Ve\u010deras na Bilinom Polju na\u0161i reprezentativci igraju protiv Belgije &#8211; HRANKOVI\u0106 ONLINE\",\"isPartOf\":{\"@id\":\"https:\\\/\\\/www.hrankovic.eu\\\/portal\\\/#website\"},\"primaryImageOfPage\":{\"@id\":\"https:\\\/\\\/www.hrankovic.eu\\\/portal\\\/veceras-na-bilinom-polju-nasi-reprezentativci-igraju-protiv-belgije\\\/#primaryimage\"},\"image\":{\"@id\":\"https:\\\/\\\/www.hrankovic.eu\\\/portal\\\/veceras-na-bilinom-polju-nasi-reprezentativci-igraju-protiv-belgije\\\/#primaryimage\"},\"thumbnailUrl\":\"https:\\\/\\\/www.hrankovic.eu\\\/portal\\\/wp-content\\\/uploads\\\/2014\\\/10\\\/bilino-polje.jpg\",\"datePublished\":\"2014-10-13T18:44:12+00:00\",\"dateModified\":\"2014-10-13T18:44:36+00:00\",\"author\":{\"@id\":\"https:\\\/\\\/www.hrankovic.eu\\\/portal\\\/#\\\/schema\\\/person\\\/525ec15f5e49246a31046f58ad14f0e8\"},\"breadcrumb\":{\"@id\":\"https:\\\/\\\/www.hrankovic.eu\\\/portal\\\/veceras-na-bilinom-polju-nasi-reprezentativci-igraju-protiv-belgije\\\/#breadcrumb\"},\"inLanguage\":\"bs-BA\",\"potentialAction\":[{\"@type\":\"ReadAction\",\"target\":[\"https:\\\/\\\/www.hrankovic.eu\\\/portal\\\/veceras-na-bilinom-polju-nasi-reprezentativci-igraju-protiv-belgije\\\/\"]}]},{\"@type\":\"ImageObject\",\"inLanguage\":\"bs-BA\",\"@id\":\"https:\\\/\\\/www.hrankovic.eu\\\/portal\\\/veceras-na-bilinom-polju-nasi-reprezentativci-igraju-protiv-belgije\\\/#primaryimage\",\"url\":\"https:\\\/\\\/www.hrankovic.eu\\\/portal\\\/wp-content\\\/uploads\\\/2014\\\/10\\\/bilino-polje.jpg\",\"contentUrl\":\"https:\\\/\\\/www.hrankovic.eu\\\/portal\\\/wp-content\\\/uploads\\\/2014\\\/10\\\/bilino-polje.jpg\",\"width\":640,\"height\":408},{\"@type\":\"BreadcrumbList\",\"@id\":\"https:\\\/\\\/www.hrankovic.eu\\\/portal\\\/veceras-na-bilinom-polju-nasi-reprezentativci-igraju-protiv-belgije\\\/#breadcrumb\",\"itemListElement\":[{\"@type\":\"ListItem\",\"position\":1,\"name\":\"Home\",\"item\":\"https:\\\/\\\/www.hrankovic.eu\\\/portal\\\/\"},{\"@type\":\"ListItem\",\"position\":2,\"name\":\"Ve\u010deras na Bilinom Polju na\u0161i reprezentativci igraju protiv Belgije\"}]},{\"@type\":\"WebSite\",\"@id\":\"https:\\\/\\\/www.hrankovic.eu\\\/portal\\\/#website\",\"url\":\"https:\\\/\\\/www.hrankovic.eu\\\/portal\\\/\",\"name\":\"HRANKOVI\u0106 ONLINE\",\"description\":\"Korist za budu\u0107nost na\u0161eg HRANKOVI\u0106A\",\"potentialAction\":[{\"@type\":\"SearchAction\",\"target\":{\"@type\":\"EntryPoint\",\"urlTemplate\":\"https:\\\/\\\/www.hrankovic.eu\\\/portal\\\/?s={search_term_string}\"},\"query-input\":{\"@type\":\"PropertyValueSpecification\",\"valueRequired\":true,\"valueName\":\"search_term_string\"}}],\"inLanguage\":\"bs-BA\"},{\"@type\":\"Person\",\"@id\":\"https:\\\/\\\/www.hrankovic.eu\\\/portal\\\/#\\\/schema\\\/person\\\/525ec15f5e49246a31046f58ad14f0e8\",\"name\":\"El_San\",\"image\":{\"@type\":\"ImageObject\",\"inLanguage\":\"bs-BA\",\"@id\":\"https:\\\/\\\/secure.gravatar.com\\\/avatar\\\/d4b5b3419e24d66a6541e9866871acc9839d89a80d14476aa522b02368193380?s=96&d=wp_user_avatar&r=g\",\"url\":\"https:\\\/\\\/secure.gravatar.com\\\/avatar\\\/d4b5b3419e24d66a6541e9866871acc9839d89a80d14476aa522b02368193380?s=96&d=wp_user_avatar&r=g\",\"contentUrl\":\"https:\\\/\\\/secure.gravatar.com\\\/avatar\\\/d4b5b3419e24d66a6541e9866871acc9839d89a80d14476aa522b02368193380?s=96&d=wp_user_avatar&r=g\",\"caption\":\"El_San\"},\"sameAs\":[\"https:\\\/\\\/www.facebook.com\\\/hrankovljanin\"]}]}<\/script>\n<!-- \/ Yoast SEO plugin. -->","yoast_head_json":{"title":"Ve\u010deras na Bilinom Polju na\u0161i reprezentativci igraju protiv Belgije &#8211; HRANKOVI\u0106 ONLINE","robots":{"index":"index","follow":"follow","max-snippet":"max-snippet:-1","max-image-preview":"max-image-preview:large","max-video-preview":"max-video-preview:-1"},"canonical":"https:\/\/www.hrankovic.eu\/portal\/veceras-na-bilinom-polju-nasi-reprezentativci-igraju-protiv-belgije\/","og_locale":"bs_BA","og_type":"article","og_title":"Ve\u010deras na Bilinom Polju na\u0161i reprezentativci igraju protiv Belgije &#8211; HRANKOVI\u0106 ONLINE","og_description":"U Zenici je sve spremno za ve\u010dera\u0161nju utakmicu Zmajeva sa selekcijom Belgije. Sve je ve\u0107i broj navija\u010da BiH, koji s brojnim navija\u010dkim rekvizitima pristi\u017eu iz mnogih gradova, a oni najuporniji tra\u017ee svoju &#8220;kartu vi\u0161ka\u201c. Na sino\u0107njim treninzima nije su vidjelo puno toga, ali je trener gostiju Marc Wilmots najavio da \u0107e zaigrati na pobjedu s &hellip;","og_url":"https:\/\/www.hrankovic.eu\/portal\/veceras-na-bilinom-polju-nasi-reprezentativci-igraju-protiv-belgije\/","og_site_name":"HRANKOVI\u0106 ONLINE","article_publisher":"https:\/\/www.facebook.com\/GHrankovic\/","article_author":"https:\/\/www.facebook.com\/hrankovljanin","article_published_time":"2014-10-13T18:44:12+00:00","article_modified_time":"2014-10-13T18:44:36+00:00","og_image":[{"width":640,"height":408,"url":"https:\/\/www.hrankovic.eu\/portal\/wp-content\/uploads\/2014\/10\/bilino-polje.jpg","type":"image\/jpeg"}],"author":"El_San","twitter_card":"summary_large_image","twitter_misc":{"Written by":"El_San","Est. reading time":"1 minuta"},"schema":{"@context":"https:\/\/schema.org","@graph":[{"@type":"Article","@id":"https:\/\/www.hrankovic.eu\/portal\/veceras-na-bilinom-polju-nasi-reprezentativci-igraju-protiv-belgije\/#article","isPartOf":{"@id":"https:\/\/www.hrankovic.eu\/portal\/veceras-na-bilinom-polju-nasi-reprezentativci-igraju-protiv-belgije\/"},"author":{"name":"El_San","@id":"https:\/\/www.hrankovic.eu\/portal\/#\/schema\/person\/525ec15f5e49246a31046f58ad14f0e8"},"headline":"Ve\u010deras na Bilinom Polju na\u0161i reprezentativci igraju protiv Belgije","datePublished":"2014-10-13T18:44:12+00:00","dateModified":"2014-10-13T18:44:36+00:00","mainEntityOfPage":{"@id":"https:\/\/www.hrankovic.eu\/portal\/veceras-na-bilinom-polju-nasi-reprezentativci-igraju-protiv-belgije\/"},"wordCount":214,"commentCount":0,"image":{"@id":"https:\/\/www.hrankovic.eu\/portal\/veceras-na-bilinom-polju-nasi-reprezentativci-igraju-protiv-belgije\/#primaryimage"},"thumbnailUrl":"https:\/\/www.hrankovic.eu\/portal\/wp-content\/uploads\/2014\/10\/bilino-polje.jpg","articleSection":["REPREZENTACIJA"],"inLanguage":"bs-BA","potentialAction":[{"@type":"CommentAction","name":"Comment","target":["https:\/\/www.hrankovic.eu\/portal\/veceras-na-bilinom-polju-nasi-reprezentativci-igraju-protiv-belgije\/#respond"]}]},{"@type":"WebPage","@id":"https:\/\/www.hrankovic.eu\/portal\/veceras-na-bilinom-polju-nasi-reprezentativci-igraju-protiv-belgije\/","url":"https:\/\/www.hrankovic.eu\/portal\/veceras-na-bilinom-polju-nasi-reprezentativci-igraju-protiv-belgije\/","name":"Ve\u010deras na Bilinom Polju na\u0161i reprezentativci igraju protiv Belgije &#8211; HRANKOVI\u0106 ONLINE","isPartOf":{"@id":"https:\/\/www.hrankovic.eu\/portal\/#website"},"primaryImageOfPage":{"@id":"https:\/\/www.hrankovic.eu\/portal\/veceras-na-bilinom-polju-nasi-reprezentativci-igraju-protiv-belgije\/#primaryimage"},"image":{"@id":"https:\/\/www.hrankovic.eu\/portal\/veceras-na-bilinom-polju-nasi-reprezentativci-igraju-protiv-belgije\/#primaryimage"},"thumbnailUrl":"https:\/\/www.hrankovic.eu\/portal\/wp-content\/uploads\/2014\/10\/bilino-polje.jpg","datePublished":"2014-10-13T18:44:12+00:00","dateModified":"2014-10-13T18:44:36+00:00","author":{"@id":"https:\/\/www.hrankovic.eu\/portal\/#\/schema\/person\/525ec15f5e49246a31046f58ad14f0e8"},"breadcrumb":{"@id":"https:\/\/www.hrankovic.eu\/portal\/veceras-na-bilinom-polju-nasi-reprezentativci-igraju-protiv-belgije\/#breadcrumb"},"inLanguage":"bs-BA","potentialAction":[{"@type":"ReadAction","target":["https:\/\/www.hrankovic.eu\/portal\/veceras-na-bilinom-polju-nasi-reprezentativci-igraju-protiv-belgije\/"]}]},{"@type":"ImageObject","inLanguage":"bs-BA","@id":"https:\/\/www.hrankovic.eu\/portal\/veceras-na-bilinom-polju-nasi-reprezentativci-igraju-protiv-belgije\/#primaryimage","url":"https:\/\/www.hrankovic.eu\/portal\/wp-content\/uploads\/2014\/10\/bilino-polje.jpg","contentUrl":"https:\/\/www.hrankovic.eu\/portal\/wp-content\/uploads\/2014\/10\/bilino-polje.jpg","width":640,"height":408},{"@type":"BreadcrumbList","@id":"https:\/\/www.hrankovic.eu\/portal\/veceras-na-bilinom-polju-nasi-reprezentativci-igraju-protiv-belgije\/#breadcrumb","itemListElement":[{"@type":"ListItem","position":1,"name":"Home","item":"https:\/\/www.hrankovic.eu\/portal\/"},{"@type":"ListItem","position":2,"name":"Ve\u010deras na Bilinom Polju na\u0161i reprezentativci igraju protiv Belgije"}]},{"@type":"WebSite","@id":"https:\/\/www.hrankovic.eu\/portal\/#website","url":"https:\/\/www.hrankovic.eu\/portal\/","name":"HRANKOVI\u0106 ONLINE","description":"Korist za budu\u0107nost na\u0161eg HRANKOVI\u0106A","potentialAction":[{"@type":"SearchAction","target":{"@type":"EntryPoint","urlTemplate":"https:\/\/www.hrankovic.eu\/portal\/?s={search_term_string}"},"query-input":{"@type":"PropertyValueSpecification","valueRequired":true,"valueName":"search_term_string"}}],"inLanguage":"bs-BA"},{"@type":"Person","@id":"https:\/\/www.hrankovic.eu\/portal\/#\/schema\/person\/525ec15f5e49246a31046f58ad14f0e8","name":"El_San","image":{"@type":"ImageObject","inLanguage":"bs-BA","@id":"https:\/\/secure.gravatar.com\/avatar\/d4b5b3419e24d66a6541e9866871acc9839d89a80d14476aa522b02368193380?s=96&d=wp_user_avatar&r=g","url":"https:\/\/secure.gravatar.com\/avatar\/d4b5b3419e24d66a6541e9866871acc9839d89a80d14476aa522b02368193380?s=96&d=wp_user_avatar&r=g","contentUrl":"https:\/\/secure.gravatar.com\/avatar\/d4b5b3419e24d66a6541e9866871acc9839d89a80d14476aa522b02368193380?s=96&d=wp_user_avatar&r=g","caption":"El_San"},"sameAs":["https:\/\/www.facebook.com\/hrankovljanin"]}]}},"_links":{"self":[{"href":"https:\/\/www.hrankovic.eu\/portal\/wp-json\/wp\/v2\/posts\/4562","targetHints":{"allow":["GET"]}}],"collection":[{"href":"https:\/\/www.hrankovic.eu\/portal\/wp-json\/wp\/v2\/posts"}],"about":[{"href":"https:\/\/www.hrankovic.eu\/portal\/wp-json\/wp\/v2\/types\/post"}],"author":[{"embeddable":true,"href":"https:\/\/www.hrankovic.eu\/portal\/wp-json\/wp\/v2\/users\/2"}],"replies":[{"embeddable":true,"href":"https:\/\/www.hrankovic.eu\/portal\/wp-json\/wp\/v2\/comments?post=4562"}],"version-history":[{"count":1,"href":"https:\/\/www.hrankovic.eu\/portal\/wp-json\/wp\/v2\/posts\/4562\/revisions"}],"predecessor-version":[{"id":4564,"href":"https:\/\/www.hrankovic.eu\/portal\/wp-json\/wp\/v2\/posts\/4562\/revisions\/4564"}],"wp:featuredmedia":[{"embeddable":true,"href":"https:\/\/www.hrankovic.eu\/portal\/wp-json\/wp\/v2\/media\/4563"}],"wp:attachment":[{"href":"https:\/\/www.hrankovic.eu\/portal\/wp-json\/wp\/v2\/media?parent=4562"}],"wp:term":[{"taxonomy":"category","embeddable":true,"href":"https:\/\/www.hrankovic.eu\/portal\/wp-json\/wp\/v2\/categories?post=4562"},{"taxonomy":"post_tag","embeddable":true,"href":"https:\/\/www.hrankovic.eu\/portal\/wp-json\/wp\/v2\/tags?post=4562"}],"curies":[{"name":"wp","href":"https:\/\/api.w.org\/{rel}","templated":true}]}}