{"id":4058,"date":"2014-08-11T20:43:47","date_gmt":"2014-08-11T18:43:47","guid":{"rendered":"http:\/\/www.hrankovic.eu\/portal\/?p=4058"},"modified":"2014-08-11T20:44:12","modified_gmt":"2014-08-11T18:44:12","slug":"van-gaal-zatrazio-od-celnika-kluba-dovodenje-kolasinca","status":"publish","type":"post","link":"https:\/\/www.hrankovic.eu\/portal\/van-gaal-zatrazio-od-celnika-kluba-dovodenje-kolasinca\/","title":{"rendered":"Van Gaal zatra\u017eio od \u010delnika kluba dovo\u0111enje Kola\u0161inca"},"content":{"rendered":"<p>Nakon \u0161to \u010delnici engleskog kluba nisu uspjeli dovesti Thomasa Vermaelena koji je pre\u0161ao iz Arsenala u Barcelonu, trener Manchester Uniteda Louis van Gaal zatra\u017eio je dovo\u0111enje Kola\u0161inca.<\/p>\n<p>Kako navode britanski mediji Kola\u0161inca su u proteklom periodu pratili skauti koje je poslao van Gaal. Podsje\u0107amo, Schalke je u aprilu odbio zvani\u010dnu ponudu engleskog velikana Manchester Uniteda za prelazak bh. reprezentativca.<\/p>\n<p>Vrijednost Seada Kola\u0161inca prema Transfermarktu iznosi sedam miliona eura.<\/p>\n","protected":false},"excerpt":{"rendered":"<p>Nakon \u0161to \u010delnici engleskog kluba nisu uspjeli dovesti Thomasa Vermaelena koji je pre\u0161ao iz Arsenala u Barcelonu, trener Manchester Uniteda Louis van Gaal zatra\u017eio je dovo\u0111enje Kola\u0161inca. Kako navode britanski mediji Kola\u0161inca su u proteklom periodu pratili skauti koje je poslao van Gaal. Podsje\u0107amo, Schalke je u aprilu odbio zvani\u010dnu ponudu engleskog velikana Manchester Uniteda &hellip;<\/p>\n","protected":false},"author":2,"featured_media":4059,"comment_status":"open","ping_status":"open","sticky":false,"template":"","format":"standard","meta":{"_crdt_document":"","_exactmetrics_skip_tracking":false,"_exactmetrics_sitenote_active":false,"_exactmetrics_sitenote_note":"","_exactmetrics_sitenote_category":0,"ngg_post_thumbnail":0,"footnotes":""},"categories":[92],"tags":[],"class_list":["post-4058","post","type-post","status-publish","format-standard","has-post-thumbnail","","category-fudbal"],"yoast_head":"<!-- This site is optimized with the Yoast SEO plugin v27.5 - https:\/\/yoast.com\/product\/yoast-seo-wordpress\/ -->\n<title>Van Gaal zatra\u017eio od \u010delnika kluba dovo\u0111enje Kola\u0161inca &#8211; HRANKOVI\u0106 ONLINE<\/title>\n<meta name=\"robots\" content=\"index, follow, max-snippet:-1, max-image-preview:large, max-video-preview:-1\" \/>\n<link rel=\"canonical\" href=\"https:\/\/www.hrankovic.eu\/portal\/van-gaal-zatrazio-od-celnika-kluba-dovodenje-kolasinca\/\" \/>\n<meta property=\"og:locale\" content=\"bs_BA\" \/>\n<meta property=\"og:type\" content=\"article\" \/>\n<meta property=\"og:title\" content=\"Van Gaal zatra\u017eio od \u010delnika kluba dovo\u0111enje Kola\u0161inca &#8211; HRANKOVI\u0106 ONLINE\" \/>\n<meta property=\"og:description\" content=\"Nakon \u0161to \u010delnici engleskog kluba nisu uspjeli dovesti Thomasa Vermaelena koji je pre\u0161ao iz Arsenala u Barcelonu, trener Manchester Uniteda Louis van Gaal zatra\u017eio je dovo\u0111enje Kola\u0161inca. Kako navode britanski mediji Kola\u0161inca su u proteklom periodu pratili skauti koje je poslao van Gaal. Podsje\u0107amo, Schalke je u aprilu odbio zvani\u010dnu ponudu engleskog velikana Manchester Uniteda &hellip;\" \/>\n<meta property=\"og:url\" content=\"https:\/\/www.hrankovic.eu\/portal\/van-gaal-zatrazio-od-celnika-kluba-dovodenje-kolasinca\/\" \/>\n<meta property=\"og:site_name\" content=\"HRANKOVI\u0106 ONLINE\" \/>\n<meta property=\"article:publisher\" content=\"https:\/\/www.facebook.com\/GHrankovic\/\" \/>\n<meta property=\"article:author\" content=\"https:\/\/www.facebook.com\/hrankovljanin\" \/>\n<meta property=\"article:published_time\" content=\"2014-08-11T18:43:47+00:00\" \/>\n<meta property=\"article:modified_time\" content=\"2014-08-11T18:44:12+00:00\" \/>\n<meta property=\"og:image\" content=\"https:\/\/www.hrankovic.eu\/portal\/wp-content\/uploads\/2014\/08\/sead_kolasinac-Kopie.jpg\" \/>\n\t<meta property=\"og:image:width\" content=\"640\" \/>\n\t<meta property=\"og:image:height\" content=\"360\" \/>\n\t<meta property=\"og:image:type\" content=\"image\/jpeg\" \/>\n<meta name=\"author\" content=\"El_San\" \/>\n<meta name=\"twitter:card\" content=\"summary_large_image\" \/>\n<meta name=\"twitter:label1\" content=\"Written by\" \/>\n\t<meta name=\"twitter:data1\" content=\"El_San\" \/>\n<script type=\"application\/ld+json\" class=\"yoast-schema-graph\">{\"@context\":\"https:\\\/\\\/schema.org\",\"@graph\":[{\"@type\":\"Article\",\"@id\":\"https:\\\/\\\/www.hrankovic.eu\\\/portal\\\/van-gaal-zatrazio-od-celnika-kluba-dovodenje-kolasinca\\\/#article\",\"isPartOf\":{\"@id\":\"https:\\\/\\\/www.hrankovic.eu\\\/portal\\\/van-gaal-zatrazio-od-celnika-kluba-dovodenje-kolasinca\\\/\"},\"author\":{\"name\":\"El_San\",\"@id\":\"https:\\\/\\\/www.hrankovic.eu\\\/portal\\\/#\\\/schema\\\/person\\\/525ec15f5e49246a31046f58ad14f0e8\"},\"headline\":\"Van Gaal zatra\u017eio od \u010delnika kluba dovo\u0111enje Kola\u0161inca\",\"datePublished\":\"2014-08-11T18:43:47+00:00\",\"dateModified\":\"2014-08-11T18:44:12+00:00\",\"mainEntityOfPage\":{\"@id\":\"https:\\\/\\\/www.hrankovic.eu\\\/portal\\\/van-gaal-zatrazio-od-celnika-kluba-dovodenje-kolasinca\\\/\"},\"wordCount\":87,\"commentCount\":0,\"image\":{\"@id\":\"https:\\\/\\\/www.hrankovic.eu\\\/portal\\\/van-gaal-zatrazio-od-celnika-kluba-dovodenje-kolasinca\\\/#primaryimage\"},\"thumbnailUrl\":\"https:\\\/\\\/www.hrankovic.eu\\\/portal\\\/wp-content\\\/uploads\\\/2014\\\/08\\\/sead_kolasinac-Kopie.jpg\",\"articleSection\":[\"FUDBAL\"],\"inLanguage\":\"bs-BA\",\"potentialAction\":[{\"@type\":\"CommentAction\",\"name\":\"Comment\",\"target\":[\"https:\\\/\\\/www.hrankovic.eu\\\/portal\\\/van-gaal-zatrazio-od-celnika-kluba-dovodenje-kolasinca\\\/#respond\"]}]},{\"@type\":\"WebPage\",\"@id\":\"https:\\\/\\\/www.hrankovic.eu\\\/portal\\\/van-gaal-zatrazio-od-celnika-kluba-dovodenje-kolasinca\\\/\",\"url\":\"https:\\\/\\\/www.hrankovic.eu\\\/portal\\\/van-gaal-zatrazio-od-celnika-kluba-dovodenje-kolasinca\\\/\",\"name\":\"Van Gaal zatra\u017eio od \u010delnika kluba dovo\u0111enje Kola\u0161inca &#8211; HRANKOVI\u0106 ONLINE\",\"isPartOf\":{\"@id\":\"https:\\\/\\\/www.hrankovic.eu\\\/portal\\\/#website\"},\"primaryImageOfPage\":{\"@id\":\"https:\\\/\\\/www.hrankovic.eu\\\/portal\\\/van-gaal-zatrazio-od-celnika-kluba-dovodenje-kolasinca\\\/#primaryimage\"},\"image\":{\"@id\":\"https:\\\/\\\/www.hrankovic.eu\\\/portal\\\/van-gaal-zatrazio-od-celnika-kluba-dovodenje-kolasinca\\\/#primaryimage\"},\"thumbnailUrl\":\"https:\\\/\\\/www.hrankovic.eu\\\/portal\\\/wp-content\\\/uploads\\\/2014\\\/08\\\/sead_kolasinac-Kopie.jpg\",\"datePublished\":\"2014-08-11T18:43:47+00:00\",\"dateModified\":\"2014-08-11T18:44:12+00:00\",\"author\":{\"@id\":\"https:\\\/\\\/www.hrankovic.eu\\\/portal\\\/#\\\/schema\\\/person\\\/525ec15f5e49246a31046f58ad14f0e8\"},\"breadcrumb\":{\"@id\":\"https:\\\/\\\/www.hrankovic.eu\\\/portal\\\/van-gaal-zatrazio-od-celnika-kluba-dovodenje-kolasinca\\\/#breadcrumb\"},\"inLanguage\":\"bs-BA\",\"potentialAction\":[{\"@type\":\"ReadAction\",\"target\":[\"https:\\\/\\\/www.hrankovic.eu\\\/portal\\\/van-gaal-zatrazio-od-celnika-kluba-dovodenje-kolasinca\\\/\"]}]},{\"@type\":\"ImageObject\",\"inLanguage\":\"bs-BA\",\"@id\":\"https:\\\/\\\/www.hrankovic.eu\\\/portal\\\/van-gaal-zatrazio-od-celnika-kluba-dovodenje-kolasinca\\\/#primaryimage\",\"url\":\"https:\\\/\\\/www.hrankovic.eu\\\/portal\\\/wp-content\\\/uploads\\\/2014\\\/08\\\/sead_kolasinac-Kopie.jpg\",\"contentUrl\":\"https:\\\/\\\/www.hrankovic.eu\\\/portal\\\/wp-content\\\/uploads\\\/2014\\\/08\\\/sead_kolasinac-Kopie.jpg\",\"width\":640,\"height\":360},{\"@type\":\"BreadcrumbList\",\"@id\":\"https:\\\/\\\/www.hrankovic.eu\\\/portal\\\/van-gaal-zatrazio-od-celnika-kluba-dovodenje-kolasinca\\\/#breadcrumb\",\"itemListElement\":[{\"@type\":\"ListItem\",\"position\":1,\"name\":\"Home\",\"item\":\"https:\\\/\\\/www.hrankovic.eu\\\/portal\\\/\"},{\"@type\":\"ListItem\",\"position\":2,\"name\":\"Van Gaal zatra\u017eio od \u010delnika kluba dovo\u0111enje Kola\u0161inca\"}]},{\"@type\":\"WebSite\",\"@id\":\"https:\\\/\\\/www.hrankovic.eu\\\/portal\\\/#website\",\"url\":\"https:\\\/\\\/www.hrankovic.eu\\\/portal\\\/\",\"name\":\"HRANKOVI\u0106 ONLINE\",\"description\":\"Korist za budu\u0107nost na\u0161eg HRANKOVI\u0106A\",\"potentialAction\":[{\"@type\":\"SearchAction\",\"target\":{\"@type\":\"EntryPoint\",\"urlTemplate\":\"https:\\\/\\\/www.hrankovic.eu\\\/portal\\\/?s={search_term_string}\"},\"query-input\":{\"@type\":\"PropertyValueSpecification\",\"valueRequired\":true,\"valueName\":\"search_term_string\"}}],\"inLanguage\":\"bs-BA\"},{\"@type\":\"Person\",\"@id\":\"https:\\\/\\\/www.hrankovic.eu\\\/portal\\\/#\\\/schema\\\/person\\\/525ec15f5e49246a31046f58ad14f0e8\",\"name\":\"El_San\",\"image\":{\"@type\":\"ImageObject\",\"inLanguage\":\"bs-BA\",\"@id\":\"https:\\\/\\\/secure.gravatar.com\\\/avatar\\\/d4b5b3419e24d66a6541e9866871acc9839d89a80d14476aa522b02368193380?s=96&d=wp_user_avatar&r=g\",\"url\":\"https:\\\/\\\/secure.gravatar.com\\\/avatar\\\/d4b5b3419e24d66a6541e9866871acc9839d89a80d14476aa522b02368193380?s=96&d=wp_user_avatar&r=g\",\"contentUrl\":\"https:\\\/\\\/secure.gravatar.com\\\/avatar\\\/d4b5b3419e24d66a6541e9866871acc9839d89a80d14476aa522b02368193380?s=96&d=wp_user_avatar&r=g\",\"caption\":\"El_San\"},\"sameAs\":[\"https:\\\/\\\/www.facebook.com\\\/hrankovljanin\"]}]}<\/script>\n<!-- \/ Yoast SEO plugin. -->","yoast_head_json":{"title":"Van Gaal zatra\u017eio od \u010delnika kluba dovo\u0111enje Kola\u0161inca &#8211; HRANKOVI\u0106 ONLINE","robots":{"index":"index","follow":"follow","max-snippet":"max-snippet:-1","max-image-preview":"max-image-preview:large","max-video-preview":"max-video-preview:-1"},"canonical":"https:\/\/www.hrankovic.eu\/portal\/van-gaal-zatrazio-od-celnika-kluba-dovodenje-kolasinca\/","og_locale":"bs_BA","og_type":"article","og_title":"Van Gaal zatra\u017eio od \u010delnika kluba dovo\u0111enje Kola\u0161inca &#8211; HRANKOVI\u0106 ONLINE","og_description":"Nakon \u0161to \u010delnici engleskog kluba nisu uspjeli dovesti Thomasa Vermaelena koji je pre\u0161ao iz Arsenala u Barcelonu, trener Manchester Uniteda Louis van Gaal zatra\u017eio je dovo\u0111enje Kola\u0161inca. Kako navode britanski mediji Kola\u0161inca su u proteklom periodu pratili skauti koje je poslao van Gaal. Podsje\u0107amo, Schalke je u aprilu odbio zvani\u010dnu ponudu engleskog velikana Manchester Uniteda &hellip;","og_url":"https:\/\/www.hrankovic.eu\/portal\/van-gaal-zatrazio-od-celnika-kluba-dovodenje-kolasinca\/","og_site_name":"HRANKOVI\u0106 ONLINE","article_publisher":"https:\/\/www.facebook.com\/GHrankovic\/","article_author":"https:\/\/www.facebook.com\/hrankovljanin","article_published_time":"2014-08-11T18:43:47+00:00","article_modified_time":"2014-08-11T18:44:12+00:00","og_image":[{"width":640,"height":360,"url":"https:\/\/www.hrankovic.eu\/portal\/wp-content\/uploads\/2014\/08\/sead_kolasinac-Kopie.jpg","type":"image\/jpeg"}],"author":"El_San","twitter_card":"summary_large_image","twitter_misc":{"Written by":"El_San"},"schema":{"@context":"https:\/\/schema.org","@graph":[{"@type":"Article","@id":"https:\/\/www.hrankovic.eu\/portal\/van-gaal-zatrazio-od-celnika-kluba-dovodenje-kolasinca\/#article","isPartOf":{"@id":"https:\/\/www.hrankovic.eu\/portal\/van-gaal-zatrazio-od-celnika-kluba-dovodenje-kolasinca\/"},"author":{"name":"El_San","@id":"https:\/\/www.hrankovic.eu\/portal\/#\/schema\/person\/525ec15f5e49246a31046f58ad14f0e8"},"headline":"Van Gaal zatra\u017eio od \u010delnika kluba dovo\u0111enje Kola\u0161inca","datePublished":"2014-08-11T18:43:47+00:00","dateModified":"2014-08-11T18:44:12+00:00","mainEntityOfPage":{"@id":"https:\/\/www.hrankovic.eu\/portal\/van-gaal-zatrazio-od-celnika-kluba-dovodenje-kolasinca\/"},"wordCount":87,"commentCount":0,"image":{"@id":"https:\/\/www.hrankovic.eu\/portal\/van-gaal-zatrazio-od-celnika-kluba-dovodenje-kolasinca\/#primaryimage"},"thumbnailUrl":"https:\/\/www.hrankovic.eu\/portal\/wp-content\/uploads\/2014\/08\/sead_kolasinac-Kopie.jpg","articleSection":["FUDBAL"],"inLanguage":"bs-BA","potentialAction":[{"@type":"CommentAction","name":"Comment","target":["https:\/\/www.hrankovic.eu\/portal\/van-gaal-zatrazio-od-celnika-kluba-dovodenje-kolasinca\/#respond"]}]},{"@type":"WebPage","@id":"https:\/\/www.hrankovic.eu\/portal\/van-gaal-zatrazio-od-celnika-kluba-dovodenje-kolasinca\/","url":"https:\/\/www.hrankovic.eu\/portal\/van-gaal-zatrazio-od-celnika-kluba-dovodenje-kolasinca\/","name":"Van Gaal zatra\u017eio od \u010delnika kluba dovo\u0111enje Kola\u0161inca &#8211; HRANKOVI\u0106 ONLINE","isPartOf":{"@id":"https:\/\/www.hrankovic.eu\/portal\/#website"},"primaryImageOfPage":{"@id":"https:\/\/www.hrankovic.eu\/portal\/van-gaal-zatrazio-od-celnika-kluba-dovodenje-kolasinca\/#primaryimage"},"image":{"@id":"https:\/\/www.hrankovic.eu\/portal\/van-gaal-zatrazio-od-celnika-kluba-dovodenje-kolasinca\/#primaryimage"},"thumbnailUrl":"https:\/\/www.hrankovic.eu\/portal\/wp-content\/uploads\/2014\/08\/sead_kolasinac-Kopie.jpg","datePublished":"2014-08-11T18:43:47+00:00","dateModified":"2014-08-11T18:44:12+00:00","author":{"@id":"https:\/\/www.hrankovic.eu\/portal\/#\/schema\/person\/525ec15f5e49246a31046f58ad14f0e8"},"breadcrumb":{"@id":"https:\/\/www.hrankovic.eu\/portal\/van-gaal-zatrazio-od-celnika-kluba-dovodenje-kolasinca\/#breadcrumb"},"inLanguage":"bs-BA","potentialAction":[{"@type":"ReadAction","target":["https:\/\/www.hrankovic.eu\/portal\/van-gaal-zatrazio-od-celnika-kluba-dovodenje-kolasinca\/"]}]},{"@type":"ImageObject","inLanguage":"bs-BA","@id":"https:\/\/www.hrankovic.eu\/portal\/van-gaal-zatrazio-od-celnika-kluba-dovodenje-kolasinca\/#primaryimage","url":"https:\/\/www.hrankovic.eu\/portal\/wp-content\/uploads\/2014\/08\/sead_kolasinac-Kopie.jpg","contentUrl":"https:\/\/www.hrankovic.eu\/portal\/wp-content\/uploads\/2014\/08\/sead_kolasinac-Kopie.jpg","width":640,"height":360},{"@type":"BreadcrumbList","@id":"https:\/\/www.hrankovic.eu\/portal\/van-gaal-zatrazio-od-celnika-kluba-dovodenje-kolasinca\/#breadcrumb","itemListElement":[{"@type":"ListItem","position":1,"name":"Home","item":"https:\/\/www.hrankovic.eu\/portal\/"},{"@type":"ListItem","position":2,"name":"Van Gaal zatra\u017eio od \u010delnika kluba dovo\u0111enje Kola\u0161inca"}]},{"@type":"WebSite","@id":"https:\/\/www.hrankovic.eu\/portal\/#website","url":"https:\/\/www.hrankovic.eu\/portal\/","name":"HRANKOVI\u0106 ONLINE","description":"Korist za budu\u0107nost na\u0161eg HRANKOVI\u0106A","potentialAction":[{"@type":"SearchAction","target":{"@type":"EntryPoint","urlTemplate":"https:\/\/www.hrankovic.eu\/portal\/?s={search_term_string}"},"query-input":{"@type":"PropertyValueSpecification","valueRequired":true,"valueName":"search_term_string"}}],"inLanguage":"bs-BA"},{"@type":"Person","@id":"https:\/\/www.hrankovic.eu\/portal\/#\/schema\/person\/525ec15f5e49246a31046f58ad14f0e8","name":"El_San","image":{"@type":"ImageObject","inLanguage":"bs-BA","@id":"https:\/\/secure.gravatar.com\/avatar\/d4b5b3419e24d66a6541e9866871acc9839d89a80d14476aa522b02368193380?s=96&d=wp_user_avatar&r=g","url":"https:\/\/secure.gravatar.com\/avatar\/d4b5b3419e24d66a6541e9866871acc9839d89a80d14476aa522b02368193380?s=96&d=wp_user_avatar&r=g","contentUrl":"https:\/\/secure.gravatar.com\/avatar\/d4b5b3419e24d66a6541e9866871acc9839d89a80d14476aa522b02368193380?s=96&d=wp_user_avatar&r=g","caption":"El_San"},"sameAs":["https:\/\/www.facebook.com\/hrankovljanin"]}]}},"_links":{"self":[{"href":"https:\/\/www.hrankovic.eu\/portal\/wp-json\/wp\/v2\/posts\/4058","targetHints":{"allow":["GET"]}}],"collection":[{"href":"https:\/\/www.hrankovic.eu\/portal\/wp-json\/wp\/v2\/posts"}],"about":[{"href":"https:\/\/www.hrankovic.eu\/portal\/wp-json\/wp\/v2\/types\/post"}],"author":[{"embeddable":true,"href":"https:\/\/www.hrankovic.eu\/portal\/wp-json\/wp\/v2\/users\/2"}],"replies":[{"embeddable":true,"href":"https:\/\/www.hrankovic.eu\/portal\/wp-json\/wp\/v2\/comments?post=4058"}],"version-history":[{"count":1,"href":"https:\/\/www.hrankovic.eu\/portal\/wp-json\/wp\/v2\/posts\/4058\/revisions"}],"predecessor-version":[{"id":4060,"href":"https:\/\/www.hrankovic.eu\/portal\/wp-json\/wp\/v2\/posts\/4058\/revisions\/4060"}],"wp:featuredmedia":[{"embeddable":true,"href":"https:\/\/www.hrankovic.eu\/portal\/wp-json\/wp\/v2\/media\/4059"}],"wp:attachment":[{"href":"https:\/\/www.hrankovic.eu\/portal\/wp-json\/wp\/v2\/media?parent=4058"}],"wp:term":[{"taxonomy":"category","embeddable":true,"href":"https:\/\/www.hrankovic.eu\/portal\/wp-json\/wp\/v2\/categories?post=4058"},{"taxonomy":"post_tag","embeddable":true,"href":"https:\/\/www.hrankovic.eu\/portal\/wp-json\/wp\/v2\/tags?post=4058"}],"curies":[{"name":"wp","href":"https:\/\/api.w.org\/{rel}","templated":true}]}}