{"id":3124,"date":"2014-03-18T20:12:59","date_gmt":"2014-03-18T19:12:59","guid":{"rendered":"http:\/\/www.hrankovic.eu\/portal\/?p=3124"},"modified":"2014-03-18T20:12:59","modified_gmt":"2014-03-18T19:12:59","slug":"procurile-fotografije-jesu-li-ovo-novi-adidas-dresovi-zmajeva","status":"publish","type":"post","link":"https:\/\/www.hrankovic.eu\/portal\/procurile-fotografije-jesu-li-ovo-novi-adidas-dresovi-zmajeva\/","title":{"rendered":"PROCURILE FOTOGRAFIJE: Jesu li ovo novi Adidas dresovi Zmajeva"},"content":{"rendered":"<p><strong>Fudbalska reprezentacija Bosne i Hercegovine od danas je i slu\u017ebeno partner njema\u010dke kompanije Adidas.<\/strong><\/p>\n<p>Iako jo\u0161 uvijek nema slu\u017ebene potvrde kako \u0107e izgledati novi dresovi Zmajeva, sigurno je da \u0107e oni biti u vrhunskoj izvedbi.<br \/>\nU javnosti ve\u0107 kru\u017ee fotografije jedne garniture dresova u izvedbi Adidasa, koji bi mogli biti novi dresovi fudbalske reprezentacije Bosne i Hercegovine.<\/p>\n<p>Zmajevi \u0107e prvu utakmicu u novim dresovima igrati protiv Obale Slonova\u010de u St. Louisu.<\/p>\n","protected":false},"excerpt":{"rendered":"<p>Fudbalska reprezentacija Bosne i Hercegovine od danas je i slu\u017ebeno partner njema\u010dke kompanije Adidas. Iako jo\u0161 uvijek nema slu\u017ebene potvrde kako \u0107e izgledati novi dresovi Zmajeva, sigurno je da \u0107e oni biti u vrhunskoj izvedbi. U javnosti ve\u0107 kru\u017ee fotografije jedne garniture dresova u izvedbi Adidasa, koji bi mogli biti novi dresovi fudbalske reprezentacije Bosne &hellip;<\/p>\n","protected":false},"author":3,"featured_media":3125,"comment_status":"open","ping_status":"open","sticky":false,"template":"","format":"standard","meta":{"_crdt_document":"","_exactmetrics_skip_tracking":false,"_exactmetrics_sitenote_active":false,"_exactmetrics_sitenote_note":"","_exactmetrics_sitenote_category":0,"ngg_post_thumbnail":0,"footnotes":""},"categories":[92,93,3,88],"tags":[],"class_list":["post-3124","post","type-post","status-publish","format-standard","has-post-thumbnail","","category-fudbal","category-reprezentacija","category-sport","category-vijesti-2"],"yoast_head":"<!-- This site is optimized with the Yoast SEO plugin v27.5 - https:\/\/yoast.com\/product\/yoast-seo-wordpress\/ -->\n<title>PROCURILE FOTOGRAFIJE: Jesu li ovo novi Adidas dresovi Zmajeva  &#8211; HRANKOVI\u0106 ONLINE<\/title>\n<meta name=\"robots\" content=\"index, follow, max-snippet:-1, max-image-preview:large, max-video-preview:-1\" \/>\n<link rel=\"canonical\" href=\"https:\/\/www.hrankovic.eu\/portal\/procurile-fotografije-jesu-li-ovo-novi-adidas-dresovi-zmajeva\/\" \/>\n<meta property=\"og:locale\" content=\"bs_BA\" \/>\n<meta property=\"og:type\" content=\"article\" \/>\n<meta property=\"og:title\" content=\"PROCURILE FOTOGRAFIJE: Jesu li ovo novi Adidas dresovi Zmajeva  &#8211; HRANKOVI\u0106 ONLINE\" \/>\n<meta property=\"og:description\" content=\"Fudbalska reprezentacija Bosne i Hercegovine od danas je i slu\u017ebeno partner njema\u010dke kompanije Adidas. Iako jo\u0161 uvijek nema slu\u017ebene potvrde kako \u0107e izgledati novi dresovi Zmajeva, sigurno je da \u0107e oni biti u vrhunskoj izvedbi. U javnosti ve\u0107 kru\u017ee fotografije jedne garniture dresova u izvedbi Adidasa, koji bi mogli biti novi dresovi fudbalske reprezentacije Bosne &hellip;\" \/>\n<meta property=\"og:url\" content=\"https:\/\/www.hrankovic.eu\/portal\/procurile-fotografije-jesu-li-ovo-novi-adidas-dresovi-zmajeva\/\" \/>\n<meta property=\"og:site_name\" content=\"HRANKOVI\u0106 ONLINE\" \/>\n<meta property=\"article:publisher\" content=\"https:\/\/www.facebook.com\/GHrankovic\/\" \/>\n<meta property=\"article:published_time\" content=\"2014-03-18T19:12:59+00:00\" \/>\n<meta property=\"og:image\" content=\"https:\/\/www.hrankovic.eu\/portal\/wp-content\/uploads\/2014\/03\/adidasfoto.jpg\" \/>\n\t<meta property=\"og:image:width\" content=\"600\" \/>\n\t<meta property=\"og:image:height\" content=\"410\" \/>\n\t<meta property=\"og:image:type\" content=\"image\/jpeg\" \/>\n<meta name=\"author\" content=\"Brato\" \/>\n<meta name=\"twitter:card\" content=\"summary_large_image\" \/>\n<meta name=\"twitter:label1\" content=\"Written by\" \/>\n\t<meta name=\"twitter:data1\" content=\"Brato\" \/>\n<script type=\"application\/ld+json\" class=\"yoast-schema-graph\">{\"@context\":\"https:\\\/\\\/schema.org\",\"@graph\":[{\"@type\":\"Article\",\"@id\":\"https:\\\/\\\/www.hrankovic.eu\\\/portal\\\/procurile-fotografije-jesu-li-ovo-novi-adidas-dresovi-zmajeva\\\/#article\",\"isPartOf\":{\"@id\":\"https:\\\/\\\/www.hrankovic.eu\\\/portal\\\/procurile-fotografije-jesu-li-ovo-novi-adidas-dresovi-zmajeva\\\/\"},\"author\":{\"name\":\"Brato\",\"@id\":\"https:\\\/\\\/www.hrankovic.eu\\\/portal\\\/#\\\/schema\\\/person\\\/b7d4074fe73014c5492bc46b11e63e9b\"},\"headline\":\"PROCURILE FOTOGRAFIJE: Jesu li ovo novi Adidas dresovi Zmajeva\",\"datePublished\":\"2014-03-18T19:12:59+00:00\",\"mainEntityOfPage\":{\"@id\":\"https:\\\/\\\/www.hrankovic.eu\\\/portal\\\/procurile-fotografije-jesu-li-ovo-novi-adidas-dresovi-zmajeva\\\/\"},\"wordCount\":85,\"commentCount\":0,\"image\":{\"@id\":\"https:\\\/\\\/www.hrankovic.eu\\\/portal\\\/procurile-fotografije-jesu-li-ovo-novi-adidas-dresovi-zmajeva\\\/#primaryimage\"},\"thumbnailUrl\":\"https:\\\/\\\/www.hrankovic.eu\\\/portal\\\/wp-content\\\/uploads\\\/2014\\\/03\\\/adidasfoto.jpg\",\"articleSection\":[\"FUDBAL\",\"REPREZENTACIJA\",\"SPORT\",\"VIJESTI\"],\"inLanguage\":\"bs-BA\",\"potentialAction\":[{\"@type\":\"CommentAction\",\"name\":\"Comment\",\"target\":[\"https:\\\/\\\/www.hrankovic.eu\\\/portal\\\/procurile-fotografije-jesu-li-ovo-novi-adidas-dresovi-zmajeva\\\/#respond\"]}]},{\"@type\":\"WebPage\",\"@id\":\"https:\\\/\\\/www.hrankovic.eu\\\/portal\\\/procurile-fotografije-jesu-li-ovo-novi-adidas-dresovi-zmajeva\\\/\",\"url\":\"https:\\\/\\\/www.hrankovic.eu\\\/portal\\\/procurile-fotografije-jesu-li-ovo-novi-adidas-dresovi-zmajeva\\\/\",\"name\":\"PROCURILE FOTOGRAFIJE: Jesu li ovo novi Adidas dresovi Zmajeva &#8211; HRANKOVI\u0106 ONLINE\",\"isPartOf\":{\"@id\":\"https:\\\/\\\/www.hrankovic.eu\\\/portal\\\/#website\"},\"primaryImageOfPage\":{\"@id\":\"https:\\\/\\\/www.hrankovic.eu\\\/portal\\\/procurile-fotografije-jesu-li-ovo-novi-adidas-dresovi-zmajeva\\\/#primaryimage\"},\"image\":{\"@id\":\"https:\\\/\\\/www.hrankovic.eu\\\/portal\\\/procurile-fotografije-jesu-li-ovo-novi-adidas-dresovi-zmajeva\\\/#primaryimage\"},\"thumbnailUrl\":\"https:\\\/\\\/www.hrankovic.eu\\\/portal\\\/wp-content\\\/uploads\\\/2014\\\/03\\\/adidasfoto.jpg\",\"datePublished\":\"2014-03-18T19:12:59+00:00\",\"author\":{\"@id\":\"https:\\\/\\\/www.hrankovic.eu\\\/portal\\\/#\\\/schema\\\/person\\\/b7d4074fe73014c5492bc46b11e63e9b\"},\"breadcrumb\":{\"@id\":\"https:\\\/\\\/www.hrankovic.eu\\\/portal\\\/procurile-fotografije-jesu-li-ovo-novi-adidas-dresovi-zmajeva\\\/#breadcrumb\"},\"inLanguage\":\"bs-BA\",\"potentialAction\":[{\"@type\":\"ReadAction\",\"target\":[\"https:\\\/\\\/www.hrankovic.eu\\\/portal\\\/procurile-fotografije-jesu-li-ovo-novi-adidas-dresovi-zmajeva\\\/\"]}]},{\"@type\":\"ImageObject\",\"inLanguage\":\"bs-BA\",\"@id\":\"https:\\\/\\\/www.hrankovic.eu\\\/portal\\\/procurile-fotografije-jesu-li-ovo-novi-adidas-dresovi-zmajeva\\\/#primaryimage\",\"url\":\"https:\\\/\\\/www.hrankovic.eu\\\/portal\\\/wp-content\\\/uploads\\\/2014\\\/03\\\/adidasfoto.jpg\",\"contentUrl\":\"https:\\\/\\\/www.hrankovic.eu\\\/portal\\\/wp-content\\\/uploads\\\/2014\\\/03\\\/adidasfoto.jpg\",\"width\":600,\"height\":410},{\"@type\":\"BreadcrumbList\",\"@id\":\"https:\\\/\\\/www.hrankovic.eu\\\/portal\\\/procurile-fotografije-jesu-li-ovo-novi-adidas-dresovi-zmajeva\\\/#breadcrumb\",\"itemListElement\":[{\"@type\":\"ListItem\",\"position\":1,\"name\":\"Home\",\"item\":\"https:\\\/\\\/www.hrankovic.eu\\\/portal\\\/\"},{\"@type\":\"ListItem\",\"position\":2,\"name\":\"PROCURILE FOTOGRAFIJE: Jesu li ovo novi Adidas dresovi Zmajeva\"}]},{\"@type\":\"WebSite\",\"@id\":\"https:\\\/\\\/www.hrankovic.eu\\\/portal\\\/#website\",\"url\":\"https:\\\/\\\/www.hrankovic.eu\\\/portal\\\/\",\"name\":\"HRANKOVI\u0106 ONLINE\",\"description\":\"Korist za budu\u0107nost na\u0161eg HRANKOVI\u0106A\",\"potentialAction\":[{\"@type\":\"SearchAction\",\"target\":{\"@type\":\"EntryPoint\",\"urlTemplate\":\"https:\\\/\\\/www.hrankovic.eu\\\/portal\\\/?s={search_term_string}\"},\"query-input\":{\"@type\":\"PropertyValueSpecification\",\"valueRequired\":true,\"valueName\":\"search_term_string\"}}],\"inLanguage\":\"bs-BA\"},{\"@type\":\"Person\",\"@id\":\"https:\\\/\\\/www.hrankovic.eu\\\/portal\\\/#\\\/schema\\\/person\\\/b7d4074fe73014c5492bc46b11e63e9b\",\"name\":\"Brato\",\"image\":{\"@type\":\"ImageObject\",\"inLanguage\":\"bs-BA\",\"@id\":\"https:\\\/\\\/secure.gravatar.com\\\/avatar\\\/ba062e7c3f06b8800fc591718ed96d83500b5d65c2c7850ba1ba74d64699c356?s=96&d=wp_user_avatar&r=g\",\"url\":\"https:\\\/\\\/secure.gravatar.com\\\/avatar\\\/ba062e7c3f06b8800fc591718ed96d83500b5d65c2c7850ba1ba74d64699c356?s=96&d=wp_user_avatar&r=g\",\"contentUrl\":\"https:\\\/\\\/secure.gravatar.com\\\/avatar\\\/ba062e7c3f06b8800fc591718ed96d83500b5d65c2c7850ba1ba74d64699c356?s=96&d=wp_user_avatar&r=g\",\"caption\":\"Brato\"}}]}<\/script>\n<!-- \/ Yoast SEO plugin. -->","yoast_head_json":{"title":"PROCURILE FOTOGRAFIJE: Jesu li ovo novi Adidas dresovi Zmajeva  &#8211; HRANKOVI\u0106 ONLINE","robots":{"index":"index","follow":"follow","max-snippet":"max-snippet:-1","max-image-preview":"max-image-preview:large","max-video-preview":"max-video-preview:-1"},"canonical":"https:\/\/www.hrankovic.eu\/portal\/procurile-fotografije-jesu-li-ovo-novi-adidas-dresovi-zmajeva\/","og_locale":"bs_BA","og_type":"article","og_title":"PROCURILE FOTOGRAFIJE: Jesu li ovo novi Adidas dresovi Zmajeva  &#8211; HRANKOVI\u0106 ONLINE","og_description":"Fudbalska reprezentacija Bosne i Hercegovine od danas je i slu\u017ebeno partner njema\u010dke kompanije Adidas. Iako jo\u0161 uvijek nema slu\u017ebene potvrde kako \u0107e izgledati novi dresovi Zmajeva, sigurno je da \u0107e oni biti u vrhunskoj izvedbi. U javnosti ve\u0107 kru\u017ee fotografije jedne garniture dresova u izvedbi Adidasa, koji bi mogli biti novi dresovi fudbalske reprezentacije Bosne &hellip;","og_url":"https:\/\/www.hrankovic.eu\/portal\/procurile-fotografije-jesu-li-ovo-novi-adidas-dresovi-zmajeva\/","og_site_name":"HRANKOVI\u0106 ONLINE","article_publisher":"https:\/\/www.facebook.com\/GHrankovic\/","article_published_time":"2014-03-18T19:12:59+00:00","og_image":[{"width":600,"height":410,"url":"https:\/\/www.hrankovic.eu\/portal\/wp-content\/uploads\/2014\/03\/adidasfoto.jpg","type":"image\/jpeg"}],"author":"Brato","twitter_card":"summary_large_image","twitter_misc":{"Written by":"Brato"},"schema":{"@context":"https:\/\/schema.org","@graph":[{"@type":"Article","@id":"https:\/\/www.hrankovic.eu\/portal\/procurile-fotografije-jesu-li-ovo-novi-adidas-dresovi-zmajeva\/#article","isPartOf":{"@id":"https:\/\/www.hrankovic.eu\/portal\/procurile-fotografije-jesu-li-ovo-novi-adidas-dresovi-zmajeva\/"},"author":{"name":"Brato","@id":"https:\/\/www.hrankovic.eu\/portal\/#\/schema\/person\/b7d4074fe73014c5492bc46b11e63e9b"},"headline":"PROCURILE FOTOGRAFIJE: Jesu li ovo novi Adidas dresovi Zmajeva","datePublished":"2014-03-18T19:12:59+00:00","mainEntityOfPage":{"@id":"https:\/\/www.hrankovic.eu\/portal\/procurile-fotografije-jesu-li-ovo-novi-adidas-dresovi-zmajeva\/"},"wordCount":85,"commentCount":0,"image":{"@id":"https:\/\/www.hrankovic.eu\/portal\/procurile-fotografije-jesu-li-ovo-novi-adidas-dresovi-zmajeva\/#primaryimage"},"thumbnailUrl":"https:\/\/www.hrankovic.eu\/portal\/wp-content\/uploads\/2014\/03\/adidasfoto.jpg","articleSection":["FUDBAL","REPREZENTACIJA","SPORT","VIJESTI"],"inLanguage":"bs-BA","potentialAction":[{"@type":"CommentAction","name":"Comment","target":["https:\/\/www.hrankovic.eu\/portal\/procurile-fotografije-jesu-li-ovo-novi-adidas-dresovi-zmajeva\/#respond"]}]},{"@type":"WebPage","@id":"https:\/\/www.hrankovic.eu\/portal\/procurile-fotografije-jesu-li-ovo-novi-adidas-dresovi-zmajeva\/","url":"https:\/\/www.hrankovic.eu\/portal\/procurile-fotografije-jesu-li-ovo-novi-adidas-dresovi-zmajeva\/","name":"PROCURILE FOTOGRAFIJE: Jesu li ovo novi Adidas dresovi Zmajeva &#8211; HRANKOVI\u0106 ONLINE","isPartOf":{"@id":"https:\/\/www.hrankovic.eu\/portal\/#website"},"primaryImageOfPage":{"@id":"https:\/\/www.hrankovic.eu\/portal\/procurile-fotografije-jesu-li-ovo-novi-adidas-dresovi-zmajeva\/#primaryimage"},"image":{"@id":"https:\/\/www.hrankovic.eu\/portal\/procurile-fotografije-jesu-li-ovo-novi-adidas-dresovi-zmajeva\/#primaryimage"},"thumbnailUrl":"https:\/\/www.hrankovic.eu\/portal\/wp-content\/uploads\/2014\/03\/adidasfoto.jpg","datePublished":"2014-03-18T19:12:59+00:00","author":{"@id":"https:\/\/www.hrankovic.eu\/portal\/#\/schema\/person\/b7d4074fe73014c5492bc46b11e63e9b"},"breadcrumb":{"@id":"https:\/\/www.hrankovic.eu\/portal\/procurile-fotografije-jesu-li-ovo-novi-adidas-dresovi-zmajeva\/#breadcrumb"},"inLanguage":"bs-BA","potentialAction":[{"@type":"ReadAction","target":["https:\/\/www.hrankovic.eu\/portal\/procurile-fotografije-jesu-li-ovo-novi-adidas-dresovi-zmajeva\/"]}]},{"@type":"ImageObject","inLanguage":"bs-BA","@id":"https:\/\/www.hrankovic.eu\/portal\/procurile-fotografije-jesu-li-ovo-novi-adidas-dresovi-zmajeva\/#primaryimage","url":"https:\/\/www.hrankovic.eu\/portal\/wp-content\/uploads\/2014\/03\/adidasfoto.jpg","contentUrl":"https:\/\/www.hrankovic.eu\/portal\/wp-content\/uploads\/2014\/03\/adidasfoto.jpg","width":600,"height":410},{"@type":"BreadcrumbList","@id":"https:\/\/www.hrankovic.eu\/portal\/procurile-fotografije-jesu-li-ovo-novi-adidas-dresovi-zmajeva\/#breadcrumb","itemListElement":[{"@type":"ListItem","position":1,"name":"Home","item":"https:\/\/www.hrankovic.eu\/portal\/"},{"@type":"ListItem","position":2,"name":"PROCURILE FOTOGRAFIJE: Jesu li ovo novi Adidas dresovi Zmajeva"}]},{"@type":"WebSite","@id":"https:\/\/www.hrankovic.eu\/portal\/#website","url":"https:\/\/www.hrankovic.eu\/portal\/","name":"HRANKOVI\u0106 ONLINE","description":"Korist za budu\u0107nost na\u0161eg HRANKOVI\u0106A","potentialAction":[{"@type":"SearchAction","target":{"@type":"EntryPoint","urlTemplate":"https:\/\/www.hrankovic.eu\/portal\/?s={search_term_string}"},"query-input":{"@type":"PropertyValueSpecification","valueRequired":true,"valueName":"search_term_string"}}],"inLanguage":"bs-BA"},{"@type":"Person","@id":"https:\/\/www.hrankovic.eu\/portal\/#\/schema\/person\/b7d4074fe73014c5492bc46b11e63e9b","name":"Brato","image":{"@type":"ImageObject","inLanguage":"bs-BA","@id":"https:\/\/secure.gravatar.com\/avatar\/ba062e7c3f06b8800fc591718ed96d83500b5d65c2c7850ba1ba74d64699c356?s=96&d=wp_user_avatar&r=g","url":"https:\/\/secure.gravatar.com\/avatar\/ba062e7c3f06b8800fc591718ed96d83500b5d65c2c7850ba1ba74d64699c356?s=96&d=wp_user_avatar&r=g","contentUrl":"https:\/\/secure.gravatar.com\/avatar\/ba062e7c3f06b8800fc591718ed96d83500b5d65c2c7850ba1ba74d64699c356?s=96&d=wp_user_avatar&r=g","caption":"Brato"}}]}},"_links":{"self":[{"href":"https:\/\/www.hrankovic.eu\/portal\/wp-json\/wp\/v2\/posts\/3124","targetHints":{"allow":["GET"]}}],"collection":[{"href":"https:\/\/www.hrankovic.eu\/portal\/wp-json\/wp\/v2\/posts"}],"about":[{"href":"https:\/\/www.hrankovic.eu\/portal\/wp-json\/wp\/v2\/types\/post"}],"author":[{"embeddable":true,"href":"https:\/\/www.hrankovic.eu\/portal\/wp-json\/wp\/v2\/users\/3"}],"replies":[{"embeddable":true,"href":"https:\/\/www.hrankovic.eu\/portal\/wp-json\/wp\/v2\/comments?post=3124"}],"version-history":[{"count":1,"href":"https:\/\/www.hrankovic.eu\/portal\/wp-json\/wp\/v2\/posts\/3124\/revisions"}],"predecessor-version":[{"id":3126,"href":"https:\/\/www.hrankovic.eu\/portal\/wp-json\/wp\/v2\/posts\/3124\/revisions\/3126"}],"wp:featuredmedia":[{"embeddable":true,"href":"https:\/\/www.hrankovic.eu\/portal\/wp-json\/wp\/v2\/media\/3125"}],"wp:attachment":[{"href":"https:\/\/www.hrankovic.eu\/portal\/wp-json\/wp\/v2\/media?parent=3124"}],"wp:term":[{"taxonomy":"category","embeddable":true,"href":"https:\/\/www.hrankovic.eu\/portal\/wp-json\/wp\/v2\/categories?post=3124"},{"taxonomy":"post_tag","embeddable":true,"href":"https:\/\/www.hrankovic.eu\/portal\/wp-json\/wp\/v2\/tags?post=3124"}],"curies":[{"name":"wp","href":"https:\/\/api.w.org\/{rel}","templated":true}]}}