{"id":2965,"date":"2014-02-15T12:02:56","date_gmt":"2014-02-15T11:02:56","guid":{"rendered":"http:\/\/www.hrankovic.eu\/portal\/?p=2965"},"modified":"2014-02-15T12:03:23","modified_gmt":"2014-02-15T11:03:23","slug":"bugarska-huligani-pokusali-uci-u-dzamiju-pa-uhapseni","status":"publish","type":"post","link":"https:\/\/www.hrankovic.eu\/portal\/bugarska-huligani-pokusali-uci-u-dzamiju-pa-uhapseni\/","title":{"rendered":"Bugarska: Huligani poku\u0161ali u\u0107i u d\u017eamiju pa uhap\u0161eni"},"content":{"rendered":"<p><strong>SOFIJA &#8211; Oko 120 osoba uhap\u0161eno je u Bugarskoj, a vi\u0161e je povrije\u0111eno, kada je grupa nacionalista, uzvikuju\u0107i rasisti\u010dke slogane, poku\u0161ala da u\u0111e u d\u017eamiju u Plovdivu, izjavio je generalni sekretar Ministarstva unutra\u0161njih poslova Svetlozar Lazarov.<\/strong><\/p>\n<p>Lazarov je dodao da su u incidentu povrije\u0111eni policajac, te nekoliko demonstranata i prolaznika.Agencija Fokus objavila je, pozivaju\u0107i se na bolni\u010dke izvore, da je povrije\u0111eno \u0161estoro ljudi.<br \/>\nLazarov je za TV stanicu bTV rekao da su demonstranti bacali kamenice i petarde, te da ih je policijski kordon sprije\u010dio da upadnu u d\u017eamiju za vrijeme molitve.Incident se desio nakon protesta vi\u0161e od 2.000 nacionalista ispred apelacionog suda u Plovdivu.<\/p>\n<p>Demonstranti su potom prodefilovali pored konzulata Turske, kamenuju\u0107i zgradu, ali nisu pri\u010dinili \u0161tetu, prenio je AFP.Demonstranti su zahtijevali da se poni\u0161ti presuda iz oktobra da se muftiji vrati d\u017eamija u obli\u017enjem gradu Karlovu, koja je nacionalizovana po\u010detkom 20. vijeka.<\/p>\n<p>Presuda o ovom slu\u010daju treba da bude izre\u010dena u roku od jednog mjeseca.Kancelarija muftije osudila je poku\u0161aj upada u d\u017eamiju i nazvala ga vandalskim \u010dinom.<\/p>\n<p>Muslimani u Bugarskoj \u010dine 13 posto stanovnika.<\/p>\n","protected":false},"excerpt":{"rendered":"<p>SOFIJA &#8211; Oko 120 osoba uhap\u0161eno je u Bugarskoj, a vi\u0161e je povrije\u0111eno, kada je grupa nacionalista, uzvikuju\u0107i rasisti\u010dke slogane, poku\u0161ala da u\u0111e u d\u017eamiju u Plovdivu, izjavio je generalni sekretar Ministarstva unutra\u0161njih poslova Svetlozar Lazarov. Lazarov je dodao da su u incidentu povrije\u0111eni policajac, te nekoliko demonstranata i prolaznika.Agencija Fokus objavila je, pozivaju\u0107i se &hellip;<\/p>\n","protected":false},"author":2,"featured_media":2966,"comment_status":"open","ping_status":"open","sticky":false,"template":"","format":"standard","meta":{"_crdt_document":"","_exactmetrics_skip_tracking":false,"_exactmetrics_sitenote_active":false,"_exactmetrics_sitenote_note":"","_exactmetrics_sitenote_category":0,"ngg_post_thumbnail":0,"footnotes":""},"categories":[6],"tags":[2404,2405],"class_list":["post-2965","post","type-post","status-publish","format-standard","has-post-thumbnail","","category-svijet","tag-bugarska","tag-huligani"],"yoast_head":"<!-- This site is optimized with the Yoast SEO plugin v27.4 - https:\/\/yoast.com\/product\/yoast-seo-wordpress\/ -->\n<title>Bugarska: Huligani poku\u0161ali u\u0107i u d\u017eamiju pa uhap\u0161eni &#8211; HRANKOVI\u0106 ONLINE<\/title>\n<meta name=\"robots\" content=\"index, follow, max-snippet:-1, max-image-preview:large, max-video-preview:-1\" \/>\n<link rel=\"canonical\" href=\"https:\/\/www.hrankovic.eu\/portal\/bugarska-huligani-pokusali-uci-u-dzamiju-pa-uhapseni\/\" \/>\n<meta property=\"og:locale\" content=\"bs_BA\" \/>\n<meta property=\"og:type\" content=\"article\" \/>\n<meta property=\"og:title\" content=\"Bugarska: Huligani poku\u0161ali u\u0107i u d\u017eamiju pa uhap\u0161eni &#8211; HRANKOVI\u0106 ONLINE\" \/>\n<meta property=\"og:description\" content=\"SOFIJA &#8211; Oko 120 osoba uhap\u0161eno je u Bugarskoj, a vi\u0161e je povrije\u0111eno, kada je grupa nacionalista, uzvikuju\u0107i rasisti\u010dke slogane, poku\u0161ala da u\u0111e u d\u017eamiju u Plovdivu, izjavio je generalni sekretar Ministarstva unutra\u0161njih poslova Svetlozar Lazarov. Lazarov je dodao da su u incidentu povrije\u0111eni policajac, te nekoliko demonstranata i prolaznika.Agencija Fokus objavila je, pozivaju\u0107i se &hellip;\" \/>\n<meta property=\"og:url\" content=\"https:\/\/www.hrankovic.eu\/portal\/bugarska-huligani-pokusali-uci-u-dzamiju-pa-uhapseni\/\" \/>\n<meta property=\"og:site_name\" content=\"HRANKOVI\u0106 ONLINE\" \/>\n<meta property=\"article:publisher\" content=\"https:\/\/www.facebook.com\/GHrankovic\/\" \/>\n<meta property=\"article:author\" content=\"https:\/\/www.facebook.com\/hrankovljanin\" \/>\n<meta property=\"article:published_time\" content=\"2014-02-15T11:02:56+00:00\" \/>\n<meta property=\"article:modified_time\" content=\"2014-02-15T11:03:23+00:00\" \/>\n<meta property=\"og:image\" content=\"https:\/\/www.hrankovic.eu\/portal\/wp-content\/uploads\/2014\/02\/bugarski_protesti.jpg\" \/>\n\t<meta property=\"og:image:width\" content=\"700\" \/>\n\t<meta property=\"og:image:height\" content=\"394\" \/>\n\t<meta property=\"og:image:type\" content=\"image\/jpeg\" \/>\n<meta name=\"author\" content=\"El_San\" \/>\n<meta name=\"twitter:card\" content=\"summary_large_image\" \/>\n<meta name=\"twitter:label1\" content=\"Written by\" \/>\n\t<meta name=\"twitter:data1\" content=\"El_San\" \/>\n\t<meta name=\"twitter:label2\" content=\"Est. reading time\" \/>\n\t<meta name=\"twitter:data2\" content=\"1 minuta\" \/>\n<script type=\"application\/ld+json\" class=\"yoast-schema-graph\">{\"@context\":\"https:\\\/\\\/schema.org\",\"@graph\":[{\"@type\":\"Article\",\"@id\":\"https:\\\/\\\/www.hrankovic.eu\\\/portal\\\/bugarska-huligani-pokusali-uci-u-dzamiju-pa-uhapseni\\\/#article\",\"isPartOf\":{\"@id\":\"https:\\\/\\\/www.hrankovic.eu\\\/portal\\\/bugarska-huligani-pokusali-uci-u-dzamiju-pa-uhapseni\\\/\"},\"author\":{\"name\":\"El_San\",\"@id\":\"https:\\\/\\\/www.hrankovic.eu\\\/portal\\\/#\\\/schema\\\/person\\\/525ec15f5e49246a31046f58ad14f0e8\"},\"headline\":\"Bugarska: Huligani poku\u0161ali u\u0107i u d\u017eamiju pa uhap\u0161eni\",\"datePublished\":\"2014-02-15T11:02:56+00:00\",\"dateModified\":\"2014-02-15T11:03:23+00:00\",\"mainEntityOfPage\":{\"@id\":\"https:\\\/\\\/www.hrankovic.eu\\\/portal\\\/bugarska-huligani-pokusali-uci-u-dzamiju-pa-uhapseni\\\/\"},\"wordCount\":213,\"commentCount\":0,\"image\":{\"@id\":\"https:\\\/\\\/www.hrankovic.eu\\\/portal\\\/bugarska-huligani-pokusali-uci-u-dzamiju-pa-uhapseni\\\/#primaryimage\"},\"thumbnailUrl\":\"https:\\\/\\\/www.hrankovic.eu\\\/portal\\\/wp-content\\\/uploads\\\/2014\\\/02\\\/bugarski_protesti.jpg\",\"keywords\":[\"bugarska:\",\"huligani\"],\"articleSection\":[\"VIJESTI IZ SVIJETA\"],\"inLanguage\":\"bs-BA\",\"potentialAction\":[{\"@type\":\"CommentAction\",\"name\":\"Comment\",\"target\":[\"https:\\\/\\\/www.hrankovic.eu\\\/portal\\\/bugarska-huligani-pokusali-uci-u-dzamiju-pa-uhapseni\\\/#respond\"]}]},{\"@type\":\"WebPage\",\"@id\":\"https:\\\/\\\/www.hrankovic.eu\\\/portal\\\/bugarska-huligani-pokusali-uci-u-dzamiju-pa-uhapseni\\\/\",\"url\":\"https:\\\/\\\/www.hrankovic.eu\\\/portal\\\/bugarska-huligani-pokusali-uci-u-dzamiju-pa-uhapseni\\\/\",\"name\":\"Bugarska: Huligani poku\u0161ali u\u0107i u d\u017eamiju pa uhap\u0161eni &#8211; HRANKOVI\u0106 ONLINE\",\"isPartOf\":{\"@id\":\"https:\\\/\\\/www.hrankovic.eu\\\/portal\\\/#website\"},\"primaryImageOfPage\":{\"@id\":\"https:\\\/\\\/www.hrankovic.eu\\\/portal\\\/bugarska-huligani-pokusali-uci-u-dzamiju-pa-uhapseni\\\/#primaryimage\"},\"image\":{\"@id\":\"https:\\\/\\\/www.hrankovic.eu\\\/portal\\\/bugarska-huligani-pokusali-uci-u-dzamiju-pa-uhapseni\\\/#primaryimage\"},\"thumbnailUrl\":\"https:\\\/\\\/www.hrankovic.eu\\\/portal\\\/wp-content\\\/uploads\\\/2014\\\/02\\\/bugarski_protesti.jpg\",\"datePublished\":\"2014-02-15T11:02:56+00:00\",\"dateModified\":\"2014-02-15T11:03:23+00:00\",\"author\":{\"@id\":\"https:\\\/\\\/www.hrankovic.eu\\\/portal\\\/#\\\/schema\\\/person\\\/525ec15f5e49246a31046f58ad14f0e8\"},\"breadcrumb\":{\"@id\":\"https:\\\/\\\/www.hrankovic.eu\\\/portal\\\/bugarska-huligani-pokusali-uci-u-dzamiju-pa-uhapseni\\\/#breadcrumb\"},\"inLanguage\":\"bs-BA\",\"potentialAction\":[{\"@type\":\"ReadAction\",\"target\":[\"https:\\\/\\\/www.hrankovic.eu\\\/portal\\\/bugarska-huligani-pokusali-uci-u-dzamiju-pa-uhapseni\\\/\"]}]},{\"@type\":\"ImageObject\",\"inLanguage\":\"bs-BA\",\"@id\":\"https:\\\/\\\/www.hrankovic.eu\\\/portal\\\/bugarska-huligani-pokusali-uci-u-dzamiju-pa-uhapseni\\\/#primaryimage\",\"url\":\"https:\\\/\\\/www.hrankovic.eu\\\/portal\\\/wp-content\\\/uploads\\\/2014\\\/02\\\/bugarski_protesti.jpg\",\"contentUrl\":\"https:\\\/\\\/www.hrankovic.eu\\\/portal\\\/wp-content\\\/uploads\\\/2014\\\/02\\\/bugarski_protesti.jpg\",\"width\":700,\"height\":394},{\"@type\":\"BreadcrumbList\",\"@id\":\"https:\\\/\\\/www.hrankovic.eu\\\/portal\\\/bugarska-huligani-pokusali-uci-u-dzamiju-pa-uhapseni\\\/#breadcrumb\",\"itemListElement\":[{\"@type\":\"ListItem\",\"position\":1,\"name\":\"Home\",\"item\":\"https:\\\/\\\/www.hrankovic.eu\\\/portal\\\/\"},{\"@type\":\"ListItem\",\"position\":2,\"name\":\"Bugarska: Huligani poku\u0161ali u\u0107i u d\u017eamiju pa uhap\u0161eni\"}]},{\"@type\":\"WebSite\",\"@id\":\"https:\\\/\\\/www.hrankovic.eu\\\/portal\\\/#website\",\"url\":\"https:\\\/\\\/www.hrankovic.eu\\\/portal\\\/\",\"name\":\"HRANKOVI\u0106 ONLINE\",\"description\":\"Korist za budu\u0107nost na\u0161eg HRANKOVI\u0106A\",\"potentialAction\":[{\"@type\":\"SearchAction\",\"target\":{\"@type\":\"EntryPoint\",\"urlTemplate\":\"https:\\\/\\\/www.hrankovic.eu\\\/portal\\\/?s={search_term_string}\"},\"query-input\":{\"@type\":\"PropertyValueSpecification\",\"valueRequired\":true,\"valueName\":\"search_term_string\"}}],\"inLanguage\":\"bs-BA\"},{\"@type\":\"Person\",\"@id\":\"https:\\\/\\\/www.hrankovic.eu\\\/portal\\\/#\\\/schema\\\/person\\\/525ec15f5e49246a31046f58ad14f0e8\",\"name\":\"El_San\",\"image\":{\"@type\":\"ImageObject\",\"inLanguage\":\"bs-BA\",\"@id\":\"https:\\\/\\\/secure.gravatar.com\\\/avatar\\\/d4b5b3419e24d66a6541e9866871acc9839d89a80d14476aa522b02368193380?s=96&d=wp_user_avatar&r=g\",\"url\":\"https:\\\/\\\/secure.gravatar.com\\\/avatar\\\/d4b5b3419e24d66a6541e9866871acc9839d89a80d14476aa522b02368193380?s=96&d=wp_user_avatar&r=g\",\"contentUrl\":\"https:\\\/\\\/secure.gravatar.com\\\/avatar\\\/d4b5b3419e24d66a6541e9866871acc9839d89a80d14476aa522b02368193380?s=96&d=wp_user_avatar&r=g\",\"caption\":\"El_San\"},\"sameAs\":[\"https:\\\/\\\/www.facebook.com\\\/hrankovljanin\"]}]}<\/script>\n<!-- \/ Yoast SEO plugin. -->","yoast_head_json":{"title":"Bugarska: Huligani poku\u0161ali u\u0107i u d\u017eamiju pa uhap\u0161eni &#8211; HRANKOVI\u0106 ONLINE","robots":{"index":"index","follow":"follow","max-snippet":"max-snippet:-1","max-image-preview":"max-image-preview:large","max-video-preview":"max-video-preview:-1"},"canonical":"https:\/\/www.hrankovic.eu\/portal\/bugarska-huligani-pokusali-uci-u-dzamiju-pa-uhapseni\/","og_locale":"bs_BA","og_type":"article","og_title":"Bugarska: Huligani poku\u0161ali u\u0107i u d\u017eamiju pa uhap\u0161eni &#8211; HRANKOVI\u0106 ONLINE","og_description":"SOFIJA &#8211; Oko 120 osoba uhap\u0161eno je u Bugarskoj, a vi\u0161e je povrije\u0111eno, kada je grupa nacionalista, uzvikuju\u0107i rasisti\u010dke slogane, poku\u0161ala da u\u0111e u d\u017eamiju u Plovdivu, izjavio je generalni sekretar Ministarstva unutra\u0161njih poslova Svetlozar Lazarov. Lazarov je dodao da su u incidentu povrije\u0111eni policajac, te nekoliko demonstranata i prolaznika.Agencija Fokus objavila je, pozivaju\u0107i se &hellip;","og_url":"https:\/\/www.hrankovic.eu\/portal\/bugarska-huligani-pokusali-uci-u-dzamiju-pa-uhapseni\/","og_site_name":"HRANKOVI\u0106 ONLINE","article_publisher":"https:\/\/www.facebook.com\/GHrankovic\/","article_author":"https:\/\/www.facebook.com\/hrankovljanin","article_published_time":"2014-02-15T11:02:56+00:00","article_modified_time":"2014-02-15T11:03:23+00:00","og_image":[{"width":700,"height":394,"url":"https:\/\/www.hrankovic.eu\/portal\/wp-content\/uploads\/2014\/02\/bugarski_protesti.jpg","type":"image\/jpeg"}],"author":"El_San","twitter_card":"summary_large_image","twitter_misc":{"Written by":"El_San","Est. reading time":"1 minuta"},"schema":{"@context":"https:\/\/schema.org","@graph":[{"@type":"Article","@id":"https:\/\/www.hrankovic.eu\/portal\/bugarska-huligani-pokusali-uci-u-dzamiju-pa-uhapseni\/#article","isPartOf":{"@id":"https:\/\/www.hrankovic.eu\/portal\/bugarska-huligani-pokusali-uci-u-dzamiju-pa-uhapseni\/"},"author":{"name":"El_San","@id":"https:\/\/www.hrankovic.eu\/portal\/#\/schema\/person\/525ec15f5e49246a31046f58ad14f0e8"},"headline":"Bugarska: Huligani poku\u0161ali u\u0107i u d\u017eamiju pa uhap\u0161eni","datePublished":"2014-02-15T11:02:56+00:00","dateModified":"2014-02-15T11:03:23+00:00","mainEntityOfPage":{"@id":"https:\/\/www.hrankovic.eu\/portal\/bugarska-huligani-pokusali-uci-u-dzamiju-pa-uhapseni\/"},"wordCount":213,"commentCount":0,"image":{"@id":"https:\/\/www.hrankovic.eu\/portal\/bugarska-huligani-pokusali-uci-u-dzamiju-pa-uhapseni\/#primaryimage"},"thumbnailUrl":"https:\/\/www.hrankovic.eu\/portal\/wp-content\/uploads\/2014\/02\/bugarski_protesti.jpg","keywords":["bugarska:","huligani"],"articleSection":["VIJESTI IZ SVIJETA"],"inLanguage":"bs-BA","potentialAction":[{"@type":"CommentAction","name":"Comment","target":["https:\/\/www.hrankovic.eu\/portal\/bugarska-huligani-pokusali-uci-u-dzamiju-pa-uhapseni\/#respond"]}]},{"@type":"WebPage","@id":"https:\/\/www.hrankovic.eu\/portal\/bugarska-huligani-pokusali-uci-u-dzamiju-pa-uhapseni\/","url":"https:\/\/www.hrankovic.eu\/portal\/bugarska-huligani-pokusali-uci-u-dzamiju-pa-uhapseni\/","name":"Bugarska: Huligani poku\u0161ali u\u0107i u d\u017eamiju pa uhap\u0161eni &#8211; HRANKOVI\u0106 ONLINE","isPartOf":{"@id":"https:\/\/www.hrankovic.eu\/portal\/#website"},"primaryImageOfPage":{"@id":"https:\/\/www.hrankovic.eu\/portal\/bugarska-huligani-pokusali-uci-u-dzamiju-pa-uhapseni\/#primaryimage"},"image":{"@id":"https:\/\/www.hrankovic.eu\/portal\/bugarska-huligani-pokusali-uci-u-dzamiju-pa-uhapseni\/#primaryimage"},"thumbnailUrl":"https:\/\/www.hrankovic.eu\/portal\/wp-content\/uploads\/2014\/02\/bugarski_protesti.jpg","datePublished":"2014-02-15T11:02:56+00:00","dateModified":"2014-02-15T11:03:23+00:00","author":{"@id":"https:\/\/www.hrankovic.eu\/portal\/#\/schema\/person\/525ec15f5e49246a31046f58ad14f0e8"},"breadcrumb":{"@id":"https:\/\/www.hrankovic.eu\/portal\/bugarska-huligani-pokusali-uci-u-dzamiju-pa-uhapseni\/#breadcrumb"},"inLanguage":"bs-BA","potentialAction":[{"@type":"ReadAction","target":["https:\/\/www.hrankovic.eu\/portal\/bugarska-huligani-pokusali-uci-u-dzamiju-pa-uhapseni\/"]}]},{"@type":"ImageObject","inLanguage":"bs-BA","@id":"https:\/\/www.hrankovic.eu\/portal\/bugarska-huligani-pokusali-uci-u-dzamiju-pa-uhapseni\/#primaryimage","url":"https:\/\/www.hrankovic.eu\/portal\/wp-content\/uploads\/2014\/02\/bugarski_protesti.jpg","contentUrl":"https:\/\/www.hrankovic.eu\/portal\/wp-content\/uploads\/2014\/02\/bugarski_protesti.jpg","width":700,"height":394},{"@type":"BreadcrumbList","@id":"https:\/\/www.hrankovic.eu\/portal\/bugarska-huligani-pokusali-uci-u-dzamiju-pa-uhapseni\/#breadcrumb","itemListElement":[{"@type":"ListItem","position":1,"name":"Home","item":"https:\/\/www.hrankovic.eu\/portal\/"},{"@type":"ListItem","position":2,"name":"Bugarska: Huligani poku\u0161ali u\u0107i u d\u017eamiju pa uhap\u0161eni"}]},{"@type":"WebSite","@id":"https:\/\/www.hrankovic.eu\/portal\/#website","url":"https:\/\/www.hrankovic.eu\/portal\/","name":"HRANKOVI\u0106 ONLINE","description":"Korist za budu\u0107nost na\u0161eg HRANKOVI\u0106A","potentialAction":[{"@type":"SearchAction","target":{"@type":"EntryPoint","urlTemplate":"https:\/\/www.hrankovic.eu\/portal\/?s={search_term_string}"},"query-input":{"@type":"PropertyValueSpecification","valueRequired":true,"valueName":"search_term_string"}}],"inLanguage":"bs-BA"},{"@type":"Person","@id":"https:\/\/www.hrankovic.eu\/portal\/#\/schema\/person\/525ec15f5e49246a31046f58ad14f0e8","name":"El_San","image":{"@type":"ImageObject","inLanguage":"bs-BA","@id":"https:\/\/secure.gravatar.com\/avatar\/d4b5b3419e24d66a6541e9866871acc9839d89a80d14476aa522b02368193380?s=96&d=wp_user_avatar&r=g","url":"https:\/\/secure.gravatar.com\/avatar\/d4b5b3419e24d66a6541e9866871acc9839d89a80d14476aa522b02368193380?s=96&d=wp_user_avatar&r=g","contentUrl":"https:\/\/secure.gravatar.com\/avatar\/d4b5b3419e24d66a6541e9866871acc9839d89a80d14476aa522b02368193380?s=96&d=wp_user_avatar&r=g","caption":"El_San"},"sameAs":["https:\/\/www.facebook.com\/hrankovljanin"]}]}},"_links":{"self":[{"href":"https:\/\/www.hrankovic.eu\/portal\/wp-json\/wp\/v2\/posts\/2965","targetHints":{"allow":["GET"]}}],"collection":[{"href":"https:\/\/www.hrankovic.eu\/portal\/wp-json\/wp\/v2\/posts"}],"about":[{"href":"https:\/\/www.hrankovic.eu\/portal\/wp-json\/wp\/v2\/types\/post"}],"author":[{"embeddable":true,"href":"https:\/\/www.hrankovic.eu\/portal\/wp-json\/wp\/v2\/users\/2"}],"replies":[{"embeddable":true,"href":"https:\/\/www.hrankovic.eu\/portal\/wp-json\/wp\/v2\/comments?post=2965"}],"version-history":[{"count":1,"href":"https:\/\/www.hrankovic.eu\/portal\/wp-json\/wp\/v2\/posts\/2965\/revisions"}],"predecessor-version":[{"id":2967,"href":"https:\/\/www.hrankovic.eu\/portal\/wp-json\/wp\/v2\/posts\/2965\/revisions\/2967"}],"wp:featuredmedia":[{"embeddable":true,"href":"https:\/\/www.hrankovic.eu\/portal\/wp-json\/wp\/v2\/media\/2966"}],"wp:attachment":[{"href":"https:\/\/www.hrankovic.eu\/portal\/wp-json\/wp\/v2\/media?parent=2965"}],"wp:term":[{"taxonomy":"category","embeddable":true,"href":"https:\/\/www.hrankovic.eu\/portal\/wp-json\/wp\/v2\/categories?post=2965"},{"taxonomy":"post_tag","embeddable":true,"href":"https:\/\/www.hrankovic.eu\/portal\/wp-json\/wp\/v2\/tags?post=2965"}],"curies":[{"name":"wp","href":"https:\/\/api.w.org\/{rel}","templated":true}]}}