{"id":2394,"date":"2013-11-23T14:48:10","date_gmt":"2013-11-23T13:48:10","guid":{"rendered":"http:\/\/www.hrankovic.eu\/portal\/?p=2394"},"modified":"2013-11-23T14:48:10","modified_gmt":"2013-11-23T13:48:10","slug":"hrvatska-je-postala-tesko-bolesna-zemlja","status":"publish","type":"post","link":"https:\/\/www.hrankovic.eu\/portal\/hrvatska-je-postala-tesko-bolesna-zemlja\/","title":{"rendered":"Hrvatska je postala te\u0161ko bolesna zemlja"},"content":{"rendered":"<p>Ve\u0107 odavno se moglo primijetiti da je Hrvatska stupila na klizavu stazu uru\u0161avanja najva\u017enijih tekovina dugog perioda demokratskog politi\u010dkog razvoja. On se na ovim prostorima de\u0161avao od Francuske revolucije do nastanka samostalnih dr\u017eava formiranih od naroda koji su na njemu \u017eivjeli.<\/p>\n<p>Taj proces temeljio se na tekovinama gra\u0111anske revolucije i izra\u017eavao se u razvoju svijesti o jedinstvu naroda koji \u017eive na sjeverozapadnom i sredi\u0161njem Balkanu. Oni su \u017eivjeli pod vla\u0161\u0107u Austro-Ugarskog i Osmanskog carstva.<\/p>\n<p><strong>Vjerski prioritet<\/p>\n<p><\/strong>Ideja slobode na tom prostoru funkcionirala je kao ideja osloba\u0111anja od vi\u0161estoljetne austrijsko-ma\u0111arske i osmanlijske vladavine. Ona je logi\u010dno orijentirala na povezivanje sve narode koji su se borili protiv tih carstava.<\/p>\n<p>Ideja jedinstva je djelovala na narode koji su, u biti, govorili jednim jezikom. U konkretnom slu\u010daju, to se odnosilo na Hrvate, Srbe, Bo\u0161njake i Crnogorce, a ne\u0161to manje na Slovence i Makedonce. Vode\u0107i nosioci modernih ideja uspjeli su da razviju razne oblike kulturne i politi\u010dke saradnje, koja se izrazila u dva glavna kulturna i politi\u010dka pokreta nastala tokom 19. i 20. stolje\u0107a, ilirskom i kasnijem jugoslovenskom.<\/p>\n<p>Iako su ideje narodnog, jezi\u010dkog, kulturnog i politi\u010dkog jedinstva tih naroda bile sna\u017ene, one nisu mogle prevazi\u0107i postojanje vjerskih razlika i naslije\u0111a te\u0161ke pro\u0161losti vezane za njihovo funkcioniranje u na\u0161oj historiji. To je uvjetovalo da su se u narodnim pokretima razvile grupe nosilaca razlikovanja u interesima i ciljevima emancipacije. Te vjerski utemeljene razlike uvjetovale su i nastanak nacionalnih politi\u010dkih pokreta temeljenih na jedinstvu nacionalnog i vjerskog identiteta. On je bio suprotan idejama povezivanja na drugim pretpostavkama koje su onom posebnom, vjerskom, davale prednost nad onim elementima koji su bili izraz zajedni\u010dkog.<\/p>\n<p>Osobito sna\u017ean nacionalisti\u010dki pokret, temeljen na ujedinjavanju nacionalnog i vjerskog, nastao je u srpskom i hrvatskom dijelu ju\u017enoslavenskog pokreta za emancipaciju. Tako je nastalo stanje u kojem je do\u0161lo do potiskivanja svih elemenata nacionalnog identificiranja, tipi\u010dnih za gra\u0111ansku revoluciju zapadnog tipa. Nastale su nacije u kojima je biti Srbin zna\u010dilo biti pravoslavac, a biti Hrvat zna\u010dilo je biti katolik. Nestali su i Srbi i Hrvati koji nisu bili katolici ili pravoslavci.<\/p>\n<p>Takva situacija dovela je do slabljenja ideje jedinstva, a poja\u010dala separaciju me\u0111u na\u0161im narodima. Ona je stimulirala ekstremne nacionalisti\u010dke tendencije prisutne u oba naroda.<\/p>\n<p>Ono \u0161to je bilo osobito tragi\u010dno za zajedni\u0161tvo, a i za svaki od tih naroda posebno, jeste \u010dinjenica da je u njima polagano gubila snagu ideja jedinstva. Do\u0161lo je do ekstremizacije i do poku\u0161aja \u010di\u0161\u0107enja tzv. nacionalnog prostora od predstavnika drugih naroda. Ekstremni izrazi takvih tendencija pojavili su se u na\u0161oj historiji u 20. stolje\u0107u kroz nastajanje \u010detni\u010dkog i usta\u0161kog pokreta.<\/p>\n<p><strong>Opravdana briga<\/strong><\/p>\n<p>&nbsp;<\/p>\n<p>Razlog da ovo pi\u0161em sastoji se u \u010dinjenici da je u Hrvatskoj do\u0161lo do takvog razvoja ideje hrvatstva i hrvatske dr\u017eave u kojoj je, u na\u010delu, bilo mjesta samo Hrvatima, a to zna\u010di, ujedno, i samo katolicima. Svi ostali su konstitucijom samostalne hrvatske dr\u017eave bili prevedeni u strance, neprijatelje dr\u017eave i naroda. To je osobito ekstremnu formu imalo u vrijeme kvislin\u0161ke NDH, kada su Bo\u0161njaci bili inkorporirani u Hrvate, a Srbi su podvrgnuti ekstreminaciji.<\/p>\n<p>To se, u odre\u0111enoj formi, ponovilo s Tu\u0111manovom Hrvatskom. On je donio Ustav u kojem su svi oni koji nisu Hrvati, a Hrvati su ostali samo katolici, progla\u0161eni nacionalnom manjinom na tlu Hrvatske. Time su prevedeni u status gostiju u vlastitoj dr\u017eavi, bez aktivne politi\u010dke legitimacije i pune ravnopravnosti u njoj. Kada se tome doda Tu\u0111manova ideja pomirenja usta\u0161a i partizana, sa eliminacijom Srba iz statusa koji su imali ranijih vremena, sve postaje jo\u0161 opasnije. Tako postaje jasnije da su Srbi, imaju\u0107i u vidu iskustva s usta\u0161ama, morali osjetiti strah i brigu za svoj status i budu\u0107nost. Ta briga se pokazala kao opravdana.<\/p>\n<p>Ono \u0161to brine sve ljude koji misle demokratski je \u010dinjenica da se ovakav odnos prema manjinama, a prije svega prema Srbima u Hrvatskoj, koji su najstarija grupacija u njoj i s najvi\u0161e prava koja su u historiji hrvatske dr\u017eave u\u017eivali, nije samo op\u0107a historija Srba. Nije to samo njihov organizirani i stimulirani egzil krajem proteklog rata. To su i nesputani izrazi mr\u017enje i netrpeljivosti koji se javljaju dvadeset godina nakon tragi\u010dnih doga\u0111aja koji su obilje\u017eili kraj pro\u0161log stolje\u0107a.<\/p>\n<p>Izra\u017eeno je to u ratu protiv \u0107irilice, koji nema nikakav smisao i opravdanje, jer se radi o univerzalnom pismu prakticiranom i u Hrvata i drugih naroda. To su i zahtjevi za rezervacije odre\u0111enih prostora za pijetet koji ima jedini sadr\u017eaj da zabranjuje pojavu bilo kojeg drugog znaka egzistencije osim hrvatskih simbola postojanja i prava. Zatim je to sadr\u017eano u akciji da se brak, umjesto gra\u0111anskog sporazuma o zajedni\u010dkom \u017eivotu dvoje ljudi, pretvori u ustavnopravnu kategoriju i time izdigne u metafiziku op\u0107eg i univerzalnog zna\u010denja koje on ima u katoli\u010danstvu.<\/p>\n<p>To su jasni izrazi jednog novog nacionalisti\u010dkog ludila u toj zemlji. \u0160ta bi bilo kad bi svaki od na\u0161ih naroda, npr. Srbi ili Bo\u0161njaci, zatra\u017eili da se sva strati\u0161ta, ona stara i novija, na kojima su izvr\u0161eni te\u0161ki zlo\u010dini nad njima u pro\u0161losti ili u vrijeme usta\u0161ke eksterminacije Srba proglase za mjesta posebnog pijeteta? Naravno, nastao bi haos i stanje jedne vrste rata i mr\u017enje.<\/p>\n<p>Ono \u0161to najvi\u0161e \u010dudi jeste da oni koji se predstavljaju kao nosioci Isusove vjere ljubavi i pra\u0161tanja \u0161ute na ova zbivanja. A ona imaju i obilje\u017eje vjerskih, ali se ne zahtijeva pra\u0161tanje, pomirenje i zaborav, te se ne insistira na Isusovoj nauci jednakosti svih ljudi.<\/p>\n<p>Nebo nad Hrvatskom jako je mra\u010dno.<\/p>\n","protected":false},"excerpt":{"rendered":"<p>Ve\u0107 odavno se moglo primijetiti da je Hrvatska stupila na klizavu stazu uru\u0161avanja najva\u017enijih tekovina dugog perioda demokratskog politi\u010dkog razvoja. On se na ovim prostorima de\u0161avao od Francuske revolucije do nastanka samostalnih dr\u017eava formiranih od naroda koji su na njemu \u017eivjeli. Taj proces temeljio se na tekovinama gra\u0111anske revolucije i izra\u017eavao se u razvoju svijesti &hellip;<\/p>\n","protected":false},"author":3,"featured_media":2395,"comment_status":"open","ping_status":"open","sticky":false,"template":"","format":"standard","meta":{"_crdt_document":"","_exactmetrics_skip_tracking":false,"_exactmetrics_sitenote_active":false,"_exactmetrics_sitenote_note":"","_exactmetrics_sitenote_category":0,"ngg_post_thumbnail":0,"footnotes":""},"categories":[107,88],"tags":[1625,1050,1623,1379],"class_list":["post-2394","post","type-post","status-publish","format-standard","has-post-thumbnail","","category-regija","category-vijesti-2","tag-bolesna","tag-hrvatska","tag-postala","tag-zemlja"],"yoast_head":"<!-- This site is optimized with the Yoast SEO plugin v27.5 - https:\/\/yoast.com\/product\/yoast-seo-wordpress\/ -->\n<title>Hrvatska je postala te\u0161ko bolesna zemlja &#8211; HRANKOVI\u0106 ONLINE<\/title>\n<meta name=\"robots\" content=\"index, follow, max-snippet:-1, max-image-preview:large, max-video-preview:-1\" \/>\n<link rel=\"canonical\" href=\"https:\/\/www.hrankovic.eu\/portal\/hrvatska-je-postala-tesko-bolesna-zemlja\/\" \/>\n<meta property=\"og:locale\" content=\"bs_BA\" \/>\n<meta property=\"og:type\" content=\"article\" \/>\n<meta property=\"og:title\" content=\"Hrvatska je postala te\u0161ko bolesna zemlja &#8211; HRANKOVI\u0106 ONLINE\" \/>\n<meta property=\"og:description\" content=\"Ve\u0107 odavno se moglo primijetiti da je Hrvatska stupila na klizavu stazu uru\u0161avanja najva\u017enijih tekovina dugog perioda demokratskog politi\u010dkog razvoja. On se na ovim prostorima de\u0161avao od Francuske revolucije do nastanka samostalnih dr\u017eava formiranih od naroda koji su na njemu \u017eivjeli. Taj proces temeljio se na tekovinama gra\u0111anske revolucije i izra\u017eavao se u razvoju svijesti &hellip;\" \/>\n<meta property=\"og:url\" content=\"https:\/\/www.hrankovic.eu\/portal\/hrvatska-je-postala-tesko-bolesna-zemlja\/\" \/>\n<meta property=\"og:site_name\" content=\"HRANKOVI\u0106 ONLINE\" \/>\n<meta property=\"article:publisher\" content=\"https:\/\/www.facebook.com\/GHrankovic\/\" \/>\n<meta property=\"article:published_time\" content=\"2013-11-23T13:48:10+00:00\" \/>\n<meta property=\"og:image\" content=\"https:\/\/www.hrankovic.eu\/portal\/wp-content\/uploads\/2013\/11\/thumb2.jpg\" \/>\n\t<meta property=\"og:image:width\" content=\"690\" \/>\n\t<meta property=\"og:image:height\" content=\"400\" \/>\n\t<meta property=\"og:image:type\" content=\"image\/jpeg\" \/>\n<meta name=\"author\" content=\"Brato\" \/>\n<meta name=\"twitter:card\" content=\"summary_large_image\" \/>\n<meta name=\"twitter:label1\" content=\"Written by\" \/>\n\t<meta name=\"twitter:data1\" content=\"Brato\" \/>\n\t<meta name=\"twitter:label2\" content=\"Est. reading time\" \/>\n\t<meta name=\"twitter:data2\" content=\"5 minuta\" \/>\n<script type=\"application\/ld+json\" class=\"yoast-schema-graph\">{\"@context\":\"https:\\\/\\\/schema.org\",\"@graph\":[{\"@type\":\"Article\",\"@id\":\"https:\\\/\\\/www.hrankovic.eu\\\/portal\\\/hrvatska-je-postala-tesko-bolesna-zemlja\\\/#article\",\"isPartOf\":{\"@id\":\"https:\\\/\\\/www.hrankovic.eu\\\/portal\\\/hrvatska-je-postala-tesko-bolesna-zemlja\\\/\"},\"author\":{\"name\":\"Brato\",\"@id\":\"https:\\\/\\\/www.hrankovic.eu\\\/portal\\\/#\\\/schema\\\/person\\\/b7d4074fe73014c5492bc46b11e63e9b\"},\"headline\":\"Hrvatska je postala te\u0161ko bolesna zemlja\",\"datePublished\":\"2013-11-23T13:48:10+00:00\",\"mainEntityOfPage\":{\"@id\":\"https:\\\/\\\/www.hrankovic.eu\\\/portal\\\/hrvatska-je-postala-tesko-bolesna-zemlja\\\/\"},\"wordCount\":992,\"commentCount\":0,\"image\":{\"@id\":\"https:\\\/\\\/www.hrankovic.eu\\\/portal\\\/hrvatska-je-postala-tesko-bolesna-zemlja\\\/#primaryimage\"},\"thumbnailUrl\":\"https:\\\/\\\/www.hrankovic.eu\\\/portal\\\/wp-content\\\/uploads\\\/2013\\\/11\\\/thumb2.jpg\",\"keywords\":[\"bolesna\",\"hrvatska\",\"postala\",\"zemlja\"],\"articleSection\":[\"REGIJA\",\"VIJESTI\"],\"inLanguage\":\"bs-BA\",\"potentialAction\":[{\"@type\":\"CommentAction\",\"name\":\"Comment\",\"target\":[\"https:\\\/\\\/www.hrankovic.eu\\\/portal\\\/hrvatska-je-postala-tesko-bolesna-zemlja\\\/#respond\"]}]},{\"@type\":\"WebPage\",\"@id\":\"https:\\\/\\\/www.hrankovic.eu\\\/portal\\\/hrvatska-je-postala-tesko-bolesna-zemlja\\\/\",\"url\":\"https:\\\/\\\/www.hrankovic.eu\\\/portal\\\/hrvatska-je-postala-tesko-bolesna-zemlja\\\/\",\"name\":\"Hrvatska je postala te\u0161ko bolesna zemlja &#8211; HRANKOVI\u0106 ONLINE\",\"isPartOf\":{\"@id\":\"https:\\\/\\\/www.hrankovic.eu\\\/portal\\\/#website\"},\"primaryImageOfPage\":{\"@id\":\"https:\\\/\\\/www.hrankovic.eu\\\/portal\\\/hrvatska-je-postala-tesko-bolesna-zemlja\\\/#primaryimage\"},\"image\":{\"@id\":\"https:\\\/\\\/www.hrankovic.eu\\\/portal\\\/hrvatska-je-postala-tesko-bolesna-zemlja\\\/#primaryimage\"},\"thumbnailUrl\":\"https:\\\/\\\/www.hrankovic.eu\\\/portal\\\/wp-content\\\/uploads\\\/2013\\\/11\\\/thumb2.jpg\",\"datePublished\":\"2013-11-23T13:48:10+00:00\",\"author\":{\"@id\":\"https:\\\/\\\/www.hrankovic.eu\\\/portal\\\/#\\\/schema\\\/person\\\/b7d4074fe73014c5492bc46b11e63e9b\"},\"breadcrumb\":{\"@id\":\"https:\\\/\\\/www.hrankovic.eu\\\/portal\\\/hrvatska-je-postala-tesko-bolesna-zemlja\\\/#breadcrumb\"},\"inLanguage\":\"bs-BA\",\"potentialAction\":[{\"@type\":\"ReadAction\",\"target\":[\"https:\\\/\\\/www.hrankovic.eu\\\/portal\\\/hrvatska-je-postala-tesko-bolesna-zemlja\\\/\"]}]},{\"@type\":\"ImageObject\",\"inLanguage\":\"bs-BA\",\"@id\":\"https:\\\/\\\/www.hrankovic.eu\\\/portal\\\/hrvatska-je-postala-tesko-bolesna-zemlja\\\/#primaryimage\",\"url\":\"https:\\\/\\\/www.hrankovic.eu\\\/portal\\\/wp-content\\\/uploads\\\/2013\\\/11\\\/thumb2.jpg\",\"contentUrl\":\"https:\\\/\\\/www.hrankovic.eu\\\/portal\\\/wp-content\\\/uploads\\\/2013\\\/11\\\/thumb2.jpg\",\"width\":690,\"height\":400},{\"@type\":\"BreadcrumbList\",\"@id\":\"https:\\\/\\\/www.hrankovic.eu\\\/portal\\\/hrvatska-je-postala-tesko-bolesna-zemlja\\\/#breadcrumb\",\"itemListElement\":[{\"@type\":\"ListItem\",\"position\":1,\"name\":\"Home\",\"item\":\"https:\\\/\\\/www.hrankovic.eu\\\/portal\\\/\"},{\"@type\":\"ListItem\",\"position\":2,\"name\":\"Hrvatska je postala te\u0161ko bolesna zemlja\"}]},{\"@type\":\"WebSite\",\"@id\":\"https:\\\/\\\/www.hrankovic.eu\\\/portal\\\/#website\",\"url\":\"https:\\\/\\\/www.hrankovic.eu\\\/portal\\\/\",\"name\":\"HRANKOVI\u0106 ONLINE\",\"description\":\"Korist za budu\u0107nost na\u0161eg HRANKOVI\u0106A\",\"potentialAction\":[{\"@type\":\"SearchAction\",\"target\":{\"@type\":\"EntryPoint\",\"urlTemplate\":\"https:\\\/\\\/www.hrankovic.eu\\\/portal\\\/?s={search_term_string}\"},\"query-input\":{\"@type\":\"PropertyValueSpecification\",\"valueRequired\":true,\"valueName\":\"search_term_string\"}}],\"inLanguage\":\"bs-BA\"},{\"@type\":\"Person\",\"@id\":\"https:\\\/\\\/www.hrankovic.eu\\\/portal\\\/#\\\/schema\\\/person\\\/b7d4074fe73014c5492bc46b11e63e9b\",\"name\":\"Brato\",\"image\":{\"@type\":\"ImageObject\",\"inLanguage\":\"bs-BA\",\"@id\":\"https:\\\/\\\/secure.gravatar.com\\\/avatar\\\/ba062e7c3f06b8800fc591718ed96d83500b5d65c2c7850ba1ba74d64699c356?s=96&d=wp_user_avatar&r=g\",\"url\":\"https:\\\/\\\/secure.gravatar.com\\\/avatar\\\/ba062e7c3f06b8800fc591718ed96d83500b5d65c2c7850ba1ba74d64699c356?s=96&d=wp_user_avatar&r=g\",\"contentUrl\":\"https:\\\/\\\/secure.gravatar.com\\\/avatar\\\/ba062e7c3f06b8800fc591718ed96d83500b5d65c2c7850ba1ba74d64699c356?s=96&d=wp_user_avatar&r=g\",\"caption\":\"Brato\"}}]}<\/script>\n<!-- \/ Yoast SEO plugin. -->","yoast_head_json":{"title":"Hrvatska je postala te\u0161ko bolesna zemlja &#8211; HRANKOVI\u0106 ONLINE","robots":{"index":"index","follow":"follow","max-snippet":"max-snippet:-1","max-image-preview":"max-image-preview:large","max-video-preview":"max-video-preview:-1"},"canonical":"https:\/\/www.hrankovic.eu\/portal\/hrvatska-je-postala-tesko-bolesna-zemlja\/","og_locale":"bs_BA","og_type":"article","og_title":"Hrvatska je postala te\u0161ko bolesna zemlja &#8211; HRANKOVI\u0106 ONLINE","og_description":"Ve\u0107 odavno se moglo primijetiti da je Hrvatska stupila na klizavu stazu uru\u0161avanja najva\u017enijih tekovina dugog perioda demokratskog politi\u010dkog razvoja. On se na ovim prostorima de\u0161avao od Francuske revolucije do nastanka samostalnih dr\u017eava formiranih od naroda koji su na njemu \u017eivjeli. Taj proces temeljio se na tekovinama gra\u0111anske revolucije i izra\u017eavao se u razvoju svijesti &hellip;","og_url":"https:\/\/www.hrankovic.eu\/portal\/hrvatska-je-postala-tesko-bolesna-zemlja\/","og_site_name":"HRANKOVI\u0106 ONLINE","article_publisher":"https:\/\/www.facebook.com\/GHrankovic\/","article_published_time":"2013-11-23T13:48:10+00:00","og_image":[{"width":690,"height":400,"url":"https:\/\/www.hrankovic.eu\/portal\/wp-content\/uploads\/2013\/11\/thumb2.jpg","type":"image\/jpeg"}],"author":"Brato","twitter_card":"summary_large_image","twitter_misc":{"Written by":"Brato","Est. reading time":"5 minuta"},"schema":{"@context":"https:\/\/schema.org","@graph":[{"@type":"Article","@id":"https:\/\/www.hrankovic.eu\/portal\/hrvatska-je-postala-tesko-bolesna-zemlja\/#article","isPartOf":{"@id":"https:\/\/www.hrankovic.eu\/portal\/hrvatska-je-postala-tesko-bolesna-zemlja\/"},"author":{"name":"Brato","@id":"https:\/\/www.hrankovic.eu\/portal\/#\/schema\/person\/b7d4074fe73014c5492bc46b11e63e9b"},"headline":"Hrvatska je postala te\u0161ko bolesna zemlja","datePublished":"2013-11-23T13:48:10+00:00","mainEntityOfPage":{"@id":"https:\/\/www.hrankovic.eu\/portal\/hrvatska-je-postala-tesko-bolesna-zemlja\/"},"wordCount":992,"commentCount":0,"image":{"@id":"https:\/\/www.hrankovic.eu\/portal\/hrvatska-je-postala-tesko-bolesna-zemlja\/#primaryimage"},"thumbnailUrl":"https:\/\/www.hrankovic.eu\/portal\/wp-content\/uploads\/2013\/11\/thumb2.jpg","keywords":["bolesna","hrvatska","postala","zemlja"],"articleSection":["REGIJA","VIJESTI"],"inLanguage":"bs-BA","potentialAction":[{"@type":"CommentAction","name":"Comment","target":["https:\/\/www.hrankovic.eu\/portal\/hrvatska-je-postala-tesko-bolesna-zemlja\/#respond"]}]},{"@type":"WebPage","@id":"https:\/\/www.hrankovic.eu\/portal\/hrvatska-je-postala-tesko-bolesna-zemlja\/","url":"https:\/\/www.hrankovic.eu\/portal\/hrvatska-je-postala-tesko-bolesna-zemlja\/","name":"Hrvatska je postala te\u0161ko bolesna zemlja &#8211; HRANKOVI\u0106 ONLINE","isPartOf":{"@id":"https:\/\/www.hrankovic.eu\/portal\/#website"},"primaryImageOfPage":{"@id":"https:\/\/www.hrankovic.eu\/portal\/hrvatska-je-postala-tesko-bolesna-zemlja\/#primaryimage"},"image":{"@id":"https:\/\/www.hrankovic.eu\/portal\/hrvatska-je-postala-tesko-bolesna-zemlja\/#primaryimage"},"thumbnailUrl":"https:\/\/www.hrankovic.eu\/portal\/wp-content\/uploads\/2013\/11\/thumb2.jpg","datePublished":"2013-11-23T13:48:10+00:00","author":{"@id":"https:\/\/www.hrankovic.eu\/portal\/#\/schema\/person\/b7d4074fe73014c5492bc46b11e63e9b"},"breadcrumb":{"@id":"https:\/\/www.hrankovic.eu\/portal\/hrvatska-je-postala-tesko-bolesna-zemlja\/#breadcrumb"},"inLanguage":"bs-BA","potentialAction":[{"@type":"ReadAction","target":["https:\/\/www.hrankovic.eu\/portal\/hrvatska-je-postala-tesko-bolesna-zemlja\/"]}]},{"@type":"ImageObject","inLanguage":"bs-BA","@id":"https:\/\/www.hrankovic.eu\/portal\/hrvatska-je-postala-tesko-bolesna-zemlja\/#primaryimage","url":"https:\/\/www.hrankovic.eu\/portal\/wp-content\/uploads\/2013\/11\/thumb2.jpg","contentUrl":"https:\/\/www.hrankovic.eu\/portal\/wp-content\/uploads\/2013\/11\/thumb2.jpg","width":690,"height":400},{"@type":"BreadcrumbList","@id":"https:\/\/www.hrankovic.eu\/portal\/hrvatska-je-postala-tesko-bolesna-zemlja\/#breadcrumb","itemListElement":[{"@type":"ListItem","position":1,"name":"Home","item":"https:\/\/www.hrankovic.eu\/portal\/"},{"@type":"ListItem","position":2,"name":"Hrvatska je postala te\u0161ko bolesna zemlja"}]},{"@type":"WebSite","@id":"https:\/\/www.hrankovic.eu\/portal\/#website","url":"https:\/\/www.hrankovic.eu\/portal\/","name":"HRANKOVI\u0106 ONLINE","description":"Korist za budu\u0107nost na\u0161eg HRANKOVI\u0106A","potentialAction":[{"@type":"SearchAction","target":{"@type":"EntryPoint","urlTemplate":"https:\/\/www.hrankovic.eu\/portal\/?s={search_term_string}"},"query-input":{"@type":"PropertyValueSpecification","valueRequired":true,"valueName":"search_term_string"}}],"inLanguage":"bs-BA"},{"@type":"Person","@id":"https:\/\/www.hrankovic.eu\/portal\/#\/schema\/person\/b7d4074fe73014c5492bc46b11e63e9b","name":"Brato","image":{"@type":"ImageObject","inLanguage":"bs-BA","@id":"https:\/\/secure.gravatar.com\/avatar\/ba062e7c3f06b8800fc591718ed96d83500b5d65c2c7850ba1ba74d64699c356?s=96&d=wp_user_avatar&r=g","url":"https:\/\/secure.gravatar.com\/avatar\/ba062e7c3f06b8800fc591718ed96d83500b5d65c2c7850ba1ba74d64699c356?s=96&d=wp_user_avatar&r=g","contentUrl":"https:\/\/secure.gravatar.com\/avatar\/ba062e7c3f06b8800fc591718ed96d83500b5d65c2c7850ba1ba74d64699c356?s=96&d=wp_user_avatar&r=g","caption":"Brato"}}]}},"_links":{"self":[{"href":"https:\/\/www.hrankovic.eu\/portal\/wp-json\/wp\/v2\/posts\/2394","targetHints":{"allow":["GET"]}}],"collection":[{"href":"https:\/\/www.hrankovic.eu\/portal\/wp-json\/wp\/v2\/posts"}],"about":[{"href":"https:\/\/www.hrankovic.eu\/portal\/wp-json\/wp\/v2\/types\/post"}],"author":[{"embeddable":true,"href":"https:\/\/www.hrankovic.eu\/portal\/wp-json\/wp\/v2\/users\/3"}],"replies":[{"embeddable":true,"href":"https:\/\/www.hrankovic.eu\/portal\/wp-json\/wp\/v2\/comments?post=2394"}],"version-history":[{"count":2,"href":"https:\/\/www.hrankovic.eu\/portal\/wp-json\/wp\/v2\/posts\/2394\/revisions"}],"predecessor-version":[{"id":2397,"href":"https:\/\/www.hrankovic.eu\/portal\/wp-json\/wp\/v2\/posts\/2394\/revisions\/2397"}],"wp:featuredmedia":[{"embeddable":true,"href":"https:\/\/www.hrankovic.eu\/portal\/wp-json\/wp\/v2\/media\/2395"}],"wp:attachment":[{"href":"https:\/\/www.hrankovic.eu\/portal\/wp-json\/wp\/v2\/media?parent=2394"}],"wp:term":[{"taxonomy":"category","embeddable":true,"href":"https:\/\/www.hrankovic.eu\/portal\/wp-json\/wp\/v2\/categories?post=2394"},{"taxonomy":"post_tag","embeddable":true,"href":"https:\/\/www.hrankovic.eu\/portal\/wp-json\/wp\/v2\/tags?post=2394"}],"curies":[{"name":"wp","href":"https:\/\/api.w.org\/{rel}","templated":true}]}}