{"id":2383,"date":"2013-11-19T23:07:23","date_gmt":"2013-11-19T22:07:23","guid":{"rendered":"http:\/\/www.hrankovic.eu\/portal\/?p=2383"},"modified":"2013-11-19T23:08:48","modified_gmt":"2013-11-19T22:08:48","slug":"diskutabilne-sudijske-odluke-odvele-franucusku-svjetskog-prvenstva","status":"publish","type":"post","link":"https:\/\/www.hrankovic.eu\/portal\/diskutabilne-sudijske-odluke-odvele-franucusku-svjetskog-prvenstva\/","title":{"rendered":"Diskutabilne sudijske odluke odvele Franucusku do Svjetskog prvenstva"},"content":{"rendered":"<p>Iako su bili blizu ponora nakon prvog me\u010da bara\u017ea sa Ukrajinom, Francuzi su se izdigli i ostvarili plasman na SVjetsko prvenstvo u Brazil naredne godine.Nakon nekoliko propou\u0161tenih \u0161ansi Francuzi dolaze u vodstvo u 22. minuti susreta. Fudbaler Liverpoola Mahamadou Sakho je pogodio mre\u017eu Ukrajinaca na asistenciju Francka Riberya.<\/p>\n<p>U 26. minuti sjajno je opalio Paul Pogba sa ruba \u0161esnaesterca. Na njegovu nesre\u0107u, lopta je prozujala par centimetara iznad pre\u010dke. U 30. minuti susdije su poni\u0161tile \u010dist gol Karima Bnezeme.Ipak samo \u010detiri minute kasnije fudbaler Real Madridai reprezentativac Francuske trese mre\u017eu za vodstvo svoje reprezentacije sa 2:0. Sa ovim rezultatom se oti\u0161lo na odmor.<\/p>\n<p>Na samom startu drugog poluvremena novi problemi za Ukrainu. Yevhen Khacheridi je zaradio drugi \u017euti odnosno crveni karton. Sa igra\u010dem vi\u0161e Francuzi su vr\u0161ili konstantne napada i samo je bilo pitanje vremena kada \u0107e posti\u0107i i tre\u0107i pogodak.<br \/>\nDa Ukrajinci definitivno nemaju sre\u0107e u ovom me\u010du i da im je &#8221;Fortuna&#8221; okrenula le\u0111a pokazalo se u 72 minuti kada je jedan od najboljih ukrajinskih fudbalera Oleg Gusev zatresao vlastitu mre\u017eu i tako poslao Francusku na Mundijal.<\/p>\n<p><iframe loading=\"lazy\" src=\"http:\/\/www.youtube.com\/embed\/a5cPbCSmlaE?wmode=transparent\" height=\"315\" width=\"560\" allowfullscreen=\"\" frameborder=\"0\"><\/iframe><\/p>\n<p>&nbsp;<\/p>\n<p><iframe loading=\"lazy\" src=\"http:\/\/www.youtube.com\/embed\/3HIGuMDkguk?wmode=transparent\" height=\"315\" width=\"560\" allowfullscreen=\"\" frameborder=\"0\"><\/iframe><\/p>\n<p>&nbsp;<\/p>\n<p>(scsport.ba)<\/p>\n","protected":false},"excerpt":{"rendered":"<p>Iako su bili blizu ponora nakon prvog me\u010da bara\u017ea sa Ukrajinom, Francuzi su se izdigli i ostvarili plasman na SVjetsko prvenstvo u Brazil naredne godine.Nakon nekoliko propou\u0161tenih \u0161ansi Francuzi dolaze u vodstvo u 22. minuti susreta. Fudbaler Liverpoola Mahamadou Sakho je pogodio mre\u017eu Ukrajinaca na asistenciju Francka Riberya. U 26. minuti sjajno je opalio Paul &hellip;<\/p>\n","protected":false},"author":2,"featured_media":2384,"comment_status":"open","ping_status":"open","sticky":false,"template":"","format":"standard","meta":{"_crdt_document":"","_exactmetrics_skip_tracking":false,"_exactmetrics_sitenote_active":false,"_exactmetrics_sitenote_note":"","_exactmetrics_sitenote_category":0,"ngg_post_thumbnail":0,"footnotes":""},"categories":[92,3],"tags":[1605,1613,1609,1611,1607,1615],"class_list":["post-2383","post","type-post","status-publish","format-standard","has-post-thumbnail","","category-fudbal","category-sport","tag-diskutabilne","tag-franucusku","tag-odluke","tag-odvele","tag-sudijske","tag-svjetskog"],"yoast_head":"<!-- This site is optimized with the Yoast SEO plugin v27.5 - https:\/\/yoast.com\/product\/yoast-seo-wordpress\/ -->\n<title>Diskutabilne sudijske odluke odvele Franucusku do Svjetskog prvenstva &#8211; HRANKOVI\u0106 ONLINE<\/title>\n<meta name=\"robots\" content=\"index, follow, max-snippet:-1, max-image-preview:large, max-video-preview:-1\" \/>\n<link rel=\"canonical\" href=\"https:\/\/www.hrankovic.eu\/portal\/diskutabilne-sudijske-odluke-odvele-franucusku-svjetskog-prvenstva\/\" \/>\n<meta property=\"og:locale\" content=\"bs_BA\" \/>\n<meta property=\"og:type\" content=\"article\" \/>\n<meta property=\"og:title\" content=\"Diskutabilne sudijske odluke odvele Franucusku do Svjetskog prvenstva &#8211; HRANKOVI\u0106 ONLINE\" \/>\n<meta property=\"og:description\" content=\"Iako su bili blizu ponora nakon prvog me\u010da bara\u017ea sa Ukrajinom, Francuzi su se izdigli i ostvarili plasman na SVjetsko prvenstvo u Brazil naredne godine.Nakon nekoliko propou\u0161tenih \u0161ansi Francuzi dolaze u vodstvo u 22. minuti susreta. Fudbaler Liverpoola Mahamadou Sakho je pogodio mre\u017eu Ukrajinaca na asistenciju Francka Riberya. U 26. minuti sjajno je opalio Paul &hellip;\" \/>\n<meta property=\"og:url\" content=\"https:\/\/www.hrankovic.eu\/portal\/diskutabilne-sudijske-odluke-odvele-franucusku-svjetskog-prvenstva\/\" \/>\n<meta property=\"og:site_name\" content=\"HRANKOVI\u0106 ONLINE\" \/>\n<meta property=\"article:publisher\" content=\"https:\/\/www.facebook.com\/GHrankovic\/\" \/>\n<meta property=\"article:author\" content=\"https:\/\/www.facebook.com\/hrankovljanin\" \/>\n<meta property=\"article:published_time\" content=\"2013-11-19T22:07:23+00:00\" \/>\n<meta property=\"article:modified_time\" content=\"2013-11-19T22:08:48+00:00\" \/>\n<meta property=\"og:image\" content=\"https:\/\/www.hrankovic.eu\/portal\/wp-content\/uploads\/2013\/11\/franc-ukraj.jpg\" \/>\n\t<meta property=\"og:image:width\" content=\"668\" \/>\n\t<meta property=\"og:image:height\" content=\"376\" \/>\n\t<meta property=\"og:image:type\" content=\"image\/jpeg\" \/>\n<meta name=\"author\" content=\"El_San\" \/>\n<meta name=\"twitter:card\" content=\"summary_large_image\" \/>\n<meta name=\"twitter:label1\" content=\"Written by\" \/>\n\t<meta name=\"twitter:data1\" content=\"El_San\" \/>\n\t<meta name=\"twitter:label2\" content=\"Est. reading time\" \/>\n\t<meta name=\"twitter:data2\" content=\"1 minuta\" \/>\n<script type=\"application\/ld+json\" class=\"yoast-schema-graph\">{\"@context\":\"https:\\\/\\\/schema.org\",\"@graph\":[{\"@type\":\"Article\",\"@id\":\"https:\\\/\\\/www.hrankovic.eu\\\/portal\\\/diskutabilne-sudijske-odluke-odvele-franucusku-svjetskog-prvenstva\\\/#article\",\"isPartOf\":{\"@id\":\"https:\\\/\\\/www.hrankovic.eu\\\/portal\\\/diskutabilne-sudijske-odluke-odvele-franucusku-svjetskog-prvenstva\\\/\"},\"author\":{\"name\":\"El_San\",\"@id\":\"https:\\\/\\\/www.hrankovic.eu\\\/portal\\\/#\\\/schema\\\/person\\\/525ec15f5e49246a31046f58ad14f0e8\"},\"headline\":\"Diskutabilne sudijske odluke odvele Franucusku do Svjetskog prvenstva\",\"datePublished\":\"2013-11-19T22:07:23+00:00\",\"dateModified\":\"2013-11-19T22:08:48+00:00\",\"mainEntityOfPage\":{\"@id\":\"https:\\\/\\\/www.hrankovic.eu\\\/portal\\\/diskutabilne-sudijske-odluke-odvele-franucusku-svjetskog-prvenstva\\\/\"},\"wordCount\":206,\"commentCount\":0,\"image\":{\"@id\":\"https:\\\/\\\/www.hrankovic.eu\\\/portal\\\/diskutabilne-sudijske-odluke-odvele-franucusku-svjetskog-prvenstva\\\/#primaryimage\"},\"thumbnailUrl\":\"https:\\\/\\\/www.hrankovic.eu\\\/portal\\\/wp-content\\\/uploads\\\/2013\\\/11\\\/franc-ukraj.jpg\",\"keywords\":[\"diskutabilne\",\"franucusku\",\"odluke\",\"odvele\",\"sudijske\",\"svjetskog\"],\"articleSection\":[\"FUDBAL\",\"SPORT\"],\"inLanguage\":\"bs-BA\",\"potentialAction\":[{\"@type\":\"CommentAction\",\"name\":\"Comment\",\"target\":[\"https:\\\/\\\/www.hrankovic.eu\\\/portal\\\/diskutabilne-sudijske-odluke-odvele-franucusku-svjetskog-prvenstva\\\/#respond\"]}]},{\"@type\":\"WebPage\",\"@id\":\"https:\\\/\\\/www.hrankovic.eu\\\/portal\\\/diskutabilne-sudijske-odluke-odvele-franucusku-svjetskog-prvenstva\\\/\",\"url\":\"https:\\\/\\\/www.hrankovic.eu\\\/portal\\\/diskutabilne-sudijske-odluke-odvele-franucusku-svjetskog-prvenstva\\\/\",\"name\":\"Diskutabilne sudijske odluke odvele Franucusku do Svjetskog prvenstva &#8211; HRANKOVI\u0106 ONLINE\",\"isPartOf\":{\"@id\":\"https:\\\/\\\/www.hrankovic.eu\\\/portal\\\/#website\"},\"primaryImageOfPage\":{\"@id\":\"https:\\\/\\\/www.hrankovic.eu\\\/portal\\\/diskutabilne-sudijske-odluke-odvele-franucusku-svjetskog-prvenstva\\\/#primaryimage\"},\"image\":{\"@id\":\"https:\\\/\\\/www.hrankovic.eu\\\/portal\\\/diskutabilne-sudijske-odluke-odvele-franucusku-svjetskog-prvenstva\\\/#primaryimage\"},\"thumbnailUrl\":\"https:\\\/\\\/www.hrankovic.eu\\\/portal\\\/wp-content\\\/uploads\\\/2013\\\/11\\\/franc-ukraj.jpg\",\"datePublished\":\"2013-11-19T22:07:23+00:00\",\"dateModified\":\"2013-11-19T22:08:48+00:00\",\"author\":{\"@id\":\"https:\\\/\\\/www.hrankovic.eu\\\/portal\\\/#\\\/schema\\\/person\\\/525ec15f5e49246a31046f58ad14f0e8\"},\"breadcrumb\":{\"@id\":\"https:\\\/\\\/www.hrankovic.eu\\\/portal\\\/diskutabilne-sudijske-odluke-odvele-franucusku-svjetskog-prvenstva\\\/#breadcrumb\"},\"inLanguage\":\"bs-BA\",\"potentialAction\":[{\"@type\":\"ReadAction\",\"target\":[\"https:\\\/\\\/www.hrankovic.eu\\\/portal\\\/diskutabilne-sudijske-odluke-odvele-franucusku-svjetskog-prvenstva\\\/\"]}]},{\"@type\":\"ImageObject\",\"inLanguage\":\"bs-BA\",\"@id\":\"https:\\\/\\\/www.hrankovic.eu\\\/portal\\\/diskutabilne-sudijske-odluke-odvele-franucusku-svjetskog-prvenstva\\\/#primaryimage\",\"url\":\"https:\\\/\\\/www.hrankovic.eu\\\/portal\\\/wp-content\\\/uploads\\\/2013\\\/11\\\/franc-ukraj.jpg\",\"contentUrl\":\"https:\\\/\\\/www.hrankovic.eu\\\/portal\\\/wp-content\\\/uploads\\\/2013\\\/11\\\/franc-ukraj.jpg\",\"width\":668,\"height\":376},{\"@type\":\"BreadcrumbList\",\"@id\":\"https:\\\/\\\/www.hrankovic.eu\\\/portal\\\/diskutabilne-sudijske-odluke-odvele-franucusku-svjetskog-prvenstva\\\/#breadcrumb\",\"itemListElement\":[{\"@type\":\"ListItem\",\"position\":1,\"name\":\"Home\",\"item\":\"https:\\\/\\\/www.hrankovic.eu\\\/portal\\\/\"},{\"@type\":\"ListItem\",\"position\":2,\"name\":\"Diskutabilne sudijske odluke odvele Franucusku do Svjetskog prvenstva\"}]},{\"@type\":\"WebSite\",\"@id\":\"https:\\\/\\\/www.hrankovic.eu\\\/portal\\\/#website\",\"url\":\"https:\\\/\\\/www.hrankovic.eu\\\/portal\\\/\",\"name\":\"HRANKOVI\u0106 ONLINE\",\"description\":\"Korist za budu\u0107nost na\u0161eg HRANKOVI\u0106A\",\"potentialAction\":[{\"@type\":\"SearchAction\",\"target\":{\"@type\":\"EntryPoint\",\"urlTemplate\":\"https:\\\/\\\/www.hrankovic.eu\\\/portal\\\/?s={search_term_string}\"},\"query-input\":{\"@type\":\"PropertyValueSpecification\",\"valueRequired\":true,\"valueName\":\"search_term_string\"}}],\"inLanguage\":\"bs-BA\"},{\"@type\":\"Person\",\"@id\":\"https:\\\/\\\/www.hrankovic.eu\\\/portal\\\/#\\\/schema\\\/person\\\/525ec15f5e49246a31046f58ad14f0e8\",\"name\":\"El_San\",\"image\":{\"@type\":\"ImageObject\",\"inLanguage\":\"bs-BA\",\"@id\":\"https:\\\/\\\/secure.gravatar.com\\\/avatar\\\/d4b5b3419e24d66a6541e9866871acc9839d89a80d14476aa522b02368193380?s=96&d=wp_user_avatar&r=g\",\"url\":\"https:\\\/\\\/secure.gravatar.com\\\/avatar\\\/d4b5b3419e24d66a6541e9866871acc9839d89a80d14476aa522b02368193380?s=96&d=wp_user_avatar&r=g\",\"contentUrl\":\"https:\\\/\\\/secure.gravatar.com\\\/avatar\\\/d4b5b3419e24d66a6541e9866871acc9839d89a80d14476aa522b02368193380?s=96&d=wp_user_avatar&r=g\",\"caption\":\"El_San\"},\"sameAs\":[\"https:\\\/\\\/www.facebook.com\\\/hrankovljanin\"]}]}<\/script>\n<!-- \/ Yoast SEO plugin. -->","yoast_head_json":{"title":"Diskutabilne sudijske odluke odvele Franucusku do Svjetskog prvenstva &#8211; HRANKOVI\u0106 ONLINE","robots":{"index":"index","follow":"follow","max-snippet":"max-snippet:-1","max-image-preview":"max-image-preview:large","max-video-preview":"max-video-preview:-1"},"canonical":"https:\/\/www.hrankovic.eu\/portal\/diskutabilne-sudijske-odluke-odvele-franucusku-svjetskog-prvenstva\/","og_locale":"bs_BA","og_type":"article","og_title":"Diskutabilne sudijske odluke odvele Franucusku do Svjetskog prvenstva &#8211; HRANKOVI\u0106 ONLINE","og_description":"Iako su bili blizu ponora nakon prvog me\u010da bara\u017ea sa Ukrajinom, Francuzi su se izdigli i ostvarili plasman na SVjetsko prvenstvo u Brazil naredne godine.Nakon nekoliko propou\u0161tenih \u0161ansi Francuzi dolaze u vodstvo u 22. minuti susreta. Fudbaler Liverpoola Mahamadou Sakho je pogodio mre\u017eu Ukrajinaca na asistenciju Francka Riberya. U 26. minuti sjajno je opalio Paul &hellip;","og_url":"https:\/\/www.hrankovic.eu\/portal\/diskutabilne-sudijske-odluke-odvele-franucusku-svjetskog-prvenstva\/","og_site_name":"HRANKOVI\u0106 ONLINE","article_publisher":"https:\/\/www.facebook.com\/GHrankovic\/","article_author":"https:\/\/www.facebook.com\/hrankovljanin","article_published_time":"2013-11-19T22:07:23+00:00","article_modified_time":"2013-11-19T22:08:48+00:00","og_image":[{"width":668,"height":376,"url":"https:\/\/www.hrankovic.eu\/portal\/wp-content\/uploads\/2013\/11\/franc-ukraj.jpg","type":"image\/jpeg"}],"author":"El_San","twitter_card":"summary_large_image","twitter_misc":{"Written by":"El_San","Est. reading time":"1 minuta"},"schema":{"@context":"https:\/\/schema.org","@graph":[{"@type":"Article","@id":"https:\/\/www.hrankovic.eu\/portal\/diskutabilne-sudijske-odluke-odvele-franucusku-svjetskog-prvenstva\/#article","isPartOf":{"@id":"https:\/\/www.hrankovic.eu\/portal\/diskutabilne-sudijske-odluke-odvele-franucusku-svjetskog-prvenstva\/"},"author":{"name":"El_San","@id":"https:\/\/www.hrankovic.eu\/portal\/#\/schema\/person\/525ec15f5e49246a31046f58ad14f0e8"},"headline":"Diskutabilne sudijske odluke odvele Franucusku do Svjetskog prvenstva","datePublished":"2013-11-19T22:07:23+00:00","dateModified":"2013-11-19T22:08:48+00:00","mainEntityOfPage":{"@id":"https:\/\/www.hrankovic.eu\/portal\/diskutabilne-sudijske-odluke-odvele-franucusku-svjetskog-prvenstva\/"},"wordCount":206,"commentCount":0,"image":{"@id":"https:\/\/www.hrankovic.eu\/portal\/diskutabilne-sudijske-odluke-odvele-franucusku-svjetskog-prvenstva\/#primaryimage"},"thumbnailUrl":"https:\/\/www.hrankovic.eu\/portal\/wp-content\/uploads\/2013\/11\/franc-ukraj.jpg","keywords":["diskutabilne","franucusku","odluke","odvele","sudijske","svjetskog"],"articleSection":["FUDBAL","SPORT"],"inLanguage":"bs-BA","potentialAction":[{"@type":"CommentAction","name":"Comment","target":["https:\/\/www.hrankovic.eu\/portal\/diskutabilne-sudijske-odluke-odvele-franucusku-svjetskog-prvenstva\/#respond"]}]},{"@type":"WebPage","@id":"https:\/\/www.hrankovic.eu\/portal\/diskutabilne-sudijske-odluke-odvele-franucusku-svjetskog-prvenstva\/","url":"https:\/\/www.hrankovic.eu\/portal\/diskutabilne-sudijske-odluke-odvele-franucusku-svjetskog-prvenstva\/","name":"Diskutabilne sudijske odluke odvele Franucusku do Svjetskog prvenstva &#8211; HRANKOVI\u0106 ONLINE","isPartOf":{"@id":"https:\/\/www.hrankovic.eu\/portal\/#website"},"primaryImageOfPage":{"@id":"https:\/\/www.hrankovic.eu\/portal\/diskutabilne-sudijske-odluke-odvele-franucusku-svjetskog-prvenstva\/#primaryimage"},"image":{"@id":"https:\/\/www.hrankovic.eu\/portal\/diskutabilne-sudijske-odluke-odvele-franucusku-svjetskog-prvenstva\/#primaryimage"},"thumbnailUrl":"https:\/\/www.hrankovic.eu\/portal\/wp-content\/uploads\/2013\/11\/franc-ukraj.jpg","datePublished":"2013-11-19T22:07:23+00:00","dateModified":"2013-11-19T22:08:48+00:00","author":{"@id":"https:\/\/www.hrankovic.eu\/portal\/#\/schema\/person\/525ec15f5e49246a31046f58ad14f0e8"},"breadcrumb":{"@id":"https:\/\/www.hrankovic.eu\/portal\/diskutabilne-sudijske-odluke-odvele-franucusku-svjetskog-prvenstva\/#breadcrumb"},"inLanguage":"bs-BA","potentialAction":[{"@type":"ReadAction","target":["https:\/\/www.hrankovic.eu\/portal\/diskutabilne-sudijske-odluke-odvele-franucusku-svjetskog-prvenstva\/"]}]},{"@type":"ImageObject","inLanguage":"bs-BA","@id":"https:\/\/www.hrankovic.eu\/portal\/diskutabilne-sudijske-odluke-odvele-franucusku-svjetskog-prvenstva\/#primaryimage","url":"https:\/\/www.hrankovic.eu\/portal\/wp-content\/uploads\/2013\/11\/franc-ukraj.jpg","contentUrl":"https:\/\/www.hrankovic.eu\/portal\/wp-content\/uploads\/2013\/11\/franc-ukraj.jpg","width":668,"height":376},{"@type":"BreadcrumbList","@id":"https:\/\/www.hrankovic.eu\/portal\/diskutabilne-sudijske-odluke-odvele-franucusku-svjetskog-prvenstva\/#breadcrumb","itemListElement":[{"@type":"ListItem","position":1,"name":"Home","item":"https:\/\/www.hrankovic.eu\/portal\/"},{"@type":"ListItem","position":2,"name":"Diskutabilne sudijske odluke odvele Franucusku do Svjetskog prvenstva"}]},{"@type":"WebSite","@id":"https:\/\/www.hrankovic.eu\/portal\/#website","url":"https:\/\/www.hrankovic.eu\/portal\/","name":"HRANKOVI\u0106 ONLINE","description":"Korist za budu\u0107nost na\u0161eg HRANKOVI\u0106A","potentialAction":[{"@type":"SearchAction","target":{"@type":"EntryPoint","urlTemplate":"https:\/\/www.hrankovic.eu\/portal\/?s={search_term_string}"},"query-input":{"@type":"PropertyValueSpecification","valueRequired":true,"valueName":"search_term_string"}}],"inLanguage":"bs-BA"},{"@type":"Person","@id":"https:\/\/www.hrankovic.eu\/portal\/#\/schema\/person\/525ec15f5e49246a31046f58ad14f0e8","name":"El_San","image":{"@type":"ImageObject","inLanguage":"bs-BA","@id":"https:\/\/secure.gravatar.com\/avatar\/d4b5b3419e24d66a6541e9866871acc9839d89a80d14476aa522b02368193380?s=96&d=wp_user_avatar&r=g","url":"https:\/\/secure.gravatar.com\/avatar\/d4b5b3419e24d66a6541e9866871acc9839d89a80d14476aa522b02368193380?s=96&d=wp_user_avatar&r=g","contentUrl":"https:\/\/secure.gravatar.com\/avatar\/d4b5b3419e24d66a6541e9866871acc9839d89a80d14476aa522b02368193380?s=96&d=wp_user_avatar&r=g","caption":"El_San"},"sameAs":["https:\/\/www.facebook.com\/hrankovljanin"]}]}},"_links":{"self":[{"href":"https:\/\/www.hrankovic.eu\/portal\/wp-json\/wp\/v2\/posts\/2383","targetHints":{"allow":["GET"]}}],"collection":[{"href":"https:\/\/www.hrankovic.eu\/portal\/wp-json\/wp\/v2\/posts"}],"about":[{"href":"https:\/\/www.hrankovic.eu\/portal\/wp-json\/wp\/v2\/types\/post"}],"author":[{"embeddable":true,"href":"https:\/\/www.hrankovic.eu\/portal\/wp-json\/wp\/v2\/users\/2"}],"replies":[{"embeddable":true,"href":"https:\/\/www.hrankovic.eu\/portal\/wp-json\/wp\/v2\/comments?post=2383"}],"version-history":[{"count":1,"href":"https:\/\/www.hrankovic.eu\/portal\/wp-json\/wp\/v2\/posts\/2383\/revisions"}],"predecessor-version":[{"id":2385,"href":"https:\/\/www.hrankovic.eu\/portal\/wp-json\/wp\/v2\/posts\/2383\/revisions\/2385"}],"wp:featuredmedia":[{"embeddable":true,"href":"https:\/\/www.hrankovic.eu\/portal\/wp-json\/wp\/v2\/media\/2384"}],"wp:attachment":[{"href":"https:\/\/www.hrankovic.eu\/portal\/wp-json\/wp\/v2\/media?parent=2383"}],"wp:term":[{"taxonomy":"category","embeddable":true,"href":"https:\/\/www.hrankovic.eu\/portal\/wp-json\/wp\/v2\/categories?post=2383"},{"taxonomy":"post_tag","embeddable":true,"href":"https:\/\/www.hrankovic.eu\/portal\/wp-json\/wp\/v2\/tags?post=2383"}],"curies":[{"name":"wp","href":"https:\/\/api.w.org\/{rel}","templated":true}]}}