{"id":2377,"date":"2013-11-19T22:43:42","date_gmt":"2013-11-19T21:43:42","guid":{"rendered":"http:\/\/www.hrankovic.eu\/portal\/?p=2377"},"modified":"2013-11-19T22:44:29","modified_gmt":"2013-11-19T21:44:29","slug":"hrvatska-se-plasirala-na-sp","status":"publish","type":"post","link":"https:\/\/www.hrankovic.eu\/portal\/hrvatska-se-plasirala-na-sp\/","title":{"rendered":"I Hrvatska se plasirala na SP"},"content":{"rendered":"<p><strong>ZAGREB &#8211; Nogometna reprezentacija Hrvatske plasirala se na svjetsko prvenstvo u Brazilu.<\/strong><\/p>\n<p>Hrvatska je u Zagrebu pobijedila Island s 2:0, iako je od 38. minute ostala s igra\u010dem manje nakon isklju\u010denja Mand\u017euki\u0107a koji je bio strijelac vode\u0107eg pogotka u 27. minuti.<br \/>\nKona\u010dnih 2:0 postavio je Darijo Srna u 47. minuti.<\/p>\n<p>U toku su i preostale dvije utakmice bara\u017ea evropskih kvalifikacija izme\u0111u \u0160vedske i Portugala (prvi me\u010d 0:1), odnosno Francuske i Ukrajine (0:2).<\/p>\n","protected":false},"excerpt":{"rendered":"<p>ZAGREB &#8211; Nogometna reprezentacija Hrvatske plasirala se na svjetsko prvenstvo u Brazilu. Hrvatska je u Zagrebu pobijedila Island s 2:0, iako je od 38. minute ostala s igra\u010dem manje nakon isklju\u010denja Mand\u017euki\u0107a koji je bio strijelac vode\u0107eg pogotka u 27. minuti. Kona\u010dnih 2:0 postavio je Darijo Srna u 47. minuti. U toku su i preostale &hellip;<\/p>\n","protected":false},"author":2,"featured_media":2378,"comment_status":"open","ping_status":"open","sticky":false,"template":"","format":"standard","meta":{"_crdt_document":"","_exactmetrics_skip_tracking":false,"_exactmetrics_sitenote_active":false,"_exactmetrics_sitenote_note":"","_exactmetrics_sitenote_category":0,"ngg_post_thumbnail":0,"footnotes":""},"categories":[92],"tags":[1050,1599],"class_list":["post-2377","post","type-post","status-publish","format-standard","has-post-thumbnail","","category-fudbal","tag-hrvatska","tag-plasirala"],"yoast_head":"<!-- This site is optimized with the Yoast SEO plugin v27.5 - https:\/\/yoast.com\/product\/yoast-seo-wordpress\/ -->\n<title>I Hrvatska se plasirala na SP &#8211; HRANKOVI\u0106 ONLINE<\/title>\n<meta name=\"robots\" content=\"index, follow, max-snippet:-1, max-image-preview:large, max-video-preview:-1\" \/>\n<link rel=\"canonical\" href=\"https:\/\/www.hrankovic.eu\/portal\/hrvatska-se-plasirala-na-sp\/\" \/>\n<meta property=\"og:locale\" content=\"bs_BA\" \/>\n<meta property=\"og:type\" content=\"article\" \/>\n<meta property=\"og:title\" content=\"I Hrvatska se plasirala na SP &#8211; HRANKOVI\u0106 ONLINE\" \/>\n<meta property=\"og:description\" content=\"ZAGREB &#8211; Nogometna reprezentacija Hrvatske plasirala se na svjetsko prvenstvo u Brazilu. Hrvatska je u Zagrebu pobijedila Island s 2:0, iako je od 38. minute ostala s igra\u010dem manje nakon isklju\u010denja Mand\u017euki\u0107a koji je bio strijelac vode\u0107eg pogotka u 27. minuti. Kona\u010dnih 2:0 postavio je Darijo Srna u 47. minuti. U toku su i preostale &hellip;\" \/>\n<meta property=\"og:url\" content=\"https:\/\/www.hrankovic.eu\/portal\/hrvatska-se-plasirala-na-sp\/\" \/>\n<meta property=\"og:site_name\" content=\"HRANKOVI\u0106 ONLINE\" \/>\n<meta property=\"article:publisher\" content=\"https:\/\/www.facebook.com\/GHrankovic\/\" \/>\n<meta property=\"article:author\" content=\"https:\/\/www.facebook.com\/hrankovljanin\" \/>\n<meta property=\"article:published_time\" content=\"2013-11-19T21:43:42+00:00\" \/>\n<meta property=\"article:modified_time\" content=\"2013-11-19T21:44:29+00:00\" \/>\n<meta property=\"og:image\" content=\"https:\/\/www.hrankovic.eu\/portal\/wp-content\/uploads\/2013\/11\/island_hrvatska.jpg\" \/>\n\t<meta property=\"og:image:width\" content=\"800\" \/>\n\t<meta property=\"og:image:height\" content=\"535\" \/>\n\t<meta property=\"og:image:type\" content=\"image\/jpeg\" \/>\n<meta name=\"author\" content=\"El_San\" \/>\n<meta name=\"twitter:card\" content=\"summary_large_image\" \/>\n<meta name=\"twitter:label1\" content=\"Written by\" \/>\n\t<meta name=\"twitter:data1\" content=\"El_San\" \/>\n<script type=\"application\/ld+json\" class=\"yoast-schema-graph\">{\"@context\":\"https:\\\/\\\/schema.org\",\"@graph\":[{\"@type\":\"Article\",\"@id\":\"https:\\\/\\\/www.hrankovic.eu\\\/portal\\\/hrvatska-se-plasirala-na-sp\\\/#article\",\"isPartOf\":{\"@id\":\"https:\\\/\\\/www.hrankovic.eu\\\/portal\\\/hrvatska-se-plasirala-na-sp\\\/\"},\"author\":{\"name\":\"El_San\",\"@id\":\"https:\\\/\\\/www.hrankovic.eu\\\/portal\\\/#\\\/schema\\\/person\\\/525ec15f5e49246a31046f58ad14f0e8\"},\"headline\":\"I Hrvatska se plasirala na SP\",\"datePublished\":\"2013-11-19T21:43:42+00:00\",\"dateModified\":\"2013-11-19T21:44:29+00:00\",\"mainEntityOfPage\":{\"@id\":\"https:\\\/\\\/www.hrankovic.eu\\\/portal\\\/hrvatska-se-plasirala-na-sp\\\/\"},\"wordCount\":79,\"commentCount\":0,\"image\":{\"@id\":\"https:\\\/\\\/www.hrankovic.eu\\\/portal\\\/hrvatska-se-plasirala-na-sp\\\/#primaryimage\"},\"thumbnailUrl\":\"https:\\\/\\\/www.hrankovic.eu\\\/portal\\\/wp-content\\\/uploads\\\/2013\\\/11\\\/island_hrvatska.jpg\",\"keywords\":[\"hrvatska\",\"plasirala\"],\"articleSection\":[\"FUDBAL\"],\"inLanguage\":\"bs-BA\",\"potentialAction\":[{\"@type\":\"CommentAction\",\"name\":\"Comment\",\"target\":[\"https:\\\/\\\/www.hrankovic.eu\\\/portal\\\/hrvatska-se-plasirala-na-sp\\\/#respond\"]}]},{\"@type\":\"WebPage\",\"@id\":\"https:\\\/\\\/www.hrankovic.eu\\\/portal\\\/hrvatska-se-plasirala-na-sp\\\/\",\"url\":\"https:\\\/\\\/www.hrankovic.eu\\\/portal\\\/hrvatska-se-plasirala-na-sp\\\/\",\"name\":\"I Hrvatska se plasirala na SP &#8211; HRANKOVI\u0106 ONLINE\",\"isPartOf\":{\"@id\":\"https:\\\/\\\/www.hrankovic.eu\\\/portal\\\/#website\"},\"primaryImageOfPage\":{\"@id\":\"https:\\\/\\\/www.hrankovic.eu\\\/portal\\\/hrvatska-se-plasirala-na-sp\\\/#primaryimage\"},\"image\":{\"@id\":\"https:\\\/\\\/www.hrankovic.eu\\\/portal\\\/hrvatska-se-plasirala-na-sp\\\/#primaryimage\"},\"thumbnailUrl\":\"https:\\\/\\\/www.hrankovic.eu\\\/portal\\\/wp-content\\\/uploads\\\/2013\\\/11\\\/island_hrvatska.jpg\",\"datePublished\":\"2013-11-19T21:43:42+00:00\",\"dateModified\":\"2013-11-19T21:44:29+00:00\",\"author\":{\"@id\":\"https:\\\/\\\/www.hrankovic.eu\\\/portal\\\/#\\\/schema\\\/person\\\/525ec15f5e49246a31046f58ad14f0e8\"},\"breadcrumb\":{\"@id\":\"https:\\\/\\\/www.hrankovic.eu\\\/portal\\\/hrvatska-se-plasirala-na-sp\\\/#breadcrumb\"},\"inLanguage\":\"bs-BA\",\"potentialAction\":[{\"@type\":\"ReadAction\",\"target\":[\"https:\\\/\\\/www.hrankovic.eu\\\/portal\\\/hrvatska-se-plasirala-na-sp\\\/\"]}]},{\"@type\":\"ImageObject\",\"inLanguage\":\"bs-BA\",\"@id\":\"https:\\\/\\\/www.hrankovic.eu\\\/portal\\\/hrvatska-se-plasirala-na-sp\\\/#primaryimage\",\"url\":\"https:\\\/\\\/www.hrankovic.eu\\\/portal\\\/wp-content\\\/uploads\\\/2013\\\/11\\\/island_hrvatska.jpg\",\"contentUrl\":\"https:\\\/\\\/www.hrankovic.eu\\\/portal\\\/wp-content\\\/uploads\\\/2013\\\/11\\\/island_hrvatska.jpg\",\"width\":800,\"height\":535},{\"@type\":\"BreadcrumbList\",\"@id\":\"https:\\\/\\\/www.hrankovic.eu\\\/portal\\\/hrvatska-se-plasirala-na-sp\\\/#breadcrumb\",\"itemListElement\":[{\"@type\":\"ListItem\",\"position\":1,\"name\":\"Home\",\"item\":\"https:\\\/\\\/www.hrankovic.eu\\\/portal\\\/\"},{\"@type\":\"ListItem\",\"position\":2,\"name\":\"I Hrvatska se plasirala na SP\"}]},{\"@type\":\"WebSite\",\"@id\":\"https:\\\/\\\/www.hrankovic.eu\\\/portal\\\/#website\",\"url\":\"https:\\\/\\\/www.hrankovic.eu\\\/portal\\\/\",\"name\":\"HRANKOVI\u0106 ONLINE\",\"description\":\"Korist za budu\u0107nost na\u0161eg HRANKOVI\u0106A\",\"potentialAction\":[{\"@type\":\"SearchAction\",\"target\":{\"@type\":\"EntryPoint\",\"urlTemplate\":\"https:\\\/\\\/www.hrankovic.eu\\\/portal\\\/?s={search_term_string}\"},\"query-input\":{\"@type\":\"PropertyValueSpecification\",\"valueRequired\":true,\"valueName\":\"search_term_string\"}}],\"inLanguage\":\"bs-BA\"},{\"@type\":\"Person\",\"@id\":\"https:\\\/\\\/www.hrankovic.eu\\\/portal\\\/#\\\/schema\\\/person\\\/525ec15f5e49246a31046f58ad14f0e8\",\"name\":\"El_San\",\"image\":{\"@type\":\"ImageObject\",\"inLanguage\":\"bs-BA\",\"@id\":\"https:\\\/\\\/secure.gravatar.com\\\/avatar\\\/d4b5b3419e24d66a6541e9866871acc9839d89a80d14476aa522b02368193380?s=96&d=wp_user_avatar&r=g\",\"url\":\"https:\\\/\\\/secure.gravatar.com\\\/avatar\\\/d4b5b3419e24d66a6541e9866871acc9839d89a80d14476aa522b02368193380?s=96&d=wp_user_avatar&r=g\",\"contentUrl\":\"https:\\\/\\\/secure.gravatar.com\\\/avatar\\\/d4b5b3419e24d66a6541e9866871acc9839d89a80d14476aa522b02368193380?s=96&d=wp_user_avatar&r=g\",\"caption\":\"El_San\"},\"sameAs\":[\"https:\\\/\\\/www.facebook.com\\\/hrankovljanin\"]}]}<\/script>\n<!-- \/ Yoast SEO plugin. -->","yoast_head_json":{"title":"I Hrvatska se plasirala na SP &#8211; HRANKOVI\u0106 ONLINE","robots":{"index":"index","follow":"follow","max-snippet":"max-snippet:-1","max-image-preview":"max-image-preview:large","max-video-preview":"max-video-preview:-1"},"canonical":"https:\/\/www.hrankovic.eu\/portal\/hrvatska-se-plasirala-na-sp\/","og_locale":"bs_BA","og_type":"article","og_title":"I Hrvatska se plasirala na SP &#8211; HRANKOVI\u0106 ONLINE","og_description":"ZAGREB &#8211; Nogometna reprezentacija Hrvatske plasirala se na svjetsko prvenstvo u Brazilu. Hrvatska je u Zagrebu pobijedila Island s 2:0, iako je od 38. minute ostala s igra\u010dem manje nakon isklju\u010denja Mand\u017euki\u0107a koji je bio strijelac vode\u0107eg pogotka u 27. minuti. Kona\u010dnih 2:0 postavio je Darijo Srna u 47. minuti. U toku su i preostale &hellip;","og_url":"https:\/\/www.hrankovic.eu\/portal\/hrvatska-se-plasirala-na-sp\/","og_site_name":"HRANKOVI\u0106 ONLINE","article_publisher":"https:\/\/www.facebook.com\/GHrankovic\/","article_author":"https:\/\/www.facebook.com\/hrankovljanin","article_published_time":"2013-11-19T21:43:42+00:00","article_modified_time":"2013-11-19T21:44:29+00:00","og_image":[{"width":800,"height":535,"url":"https:\/\/www.hrankovic.eu\/portal\/wp-content\/uploads\/2013\/11\/island_hrvatska.jpg","type":"image\/jpeg"}],"author":"El_San","twitter_card":"summary_large_image","twitter_misc":{"Written by":"El_San"},"schema":{"@context":"https:\/\/schema.org","@graph":[{"@type":"Article","@id":"https:\/\/www.hrankovic.eu\/portal\/hrvatska-se-plasirala-na-sp\/#article","isPartOf":{"@id":"https:\/\/www.hrankovic.eu\/portal\/hrvatska-se-plasirala-na-sp\/"},"author":{"name":"El_San","@id":"https:\/\/www.hrankovic.eu\/portal\/#\/schema\/person\/525ec15f5e49246a31046f58ad14f0e8"},"headline":"I Hrvatska se plasirala na SP","datePublished":"2013-11-19T21:43:42+00:00","dateModified":"2013-11-19T21:44:29+00:00","mainEntityOfPage":{"@id":"https:\/\/www.hrankovic.eu\/portal\/hrvatska-se-plasirala-na-sp\/"},"wordCount":79,"commentCount":0,"image":{"@id":"https:\/\/www.hrankovic.eu\/portal\/hrvatska-se-plasirala-na-sp\/#primaryimage"},"thumbnailUrl":"https:\/\/www.hrankovic.eu\/portal\/wp-content\/uploads\/2013\/11\/island_hrvatska.jpg","keywords":["hrvatska","plasirala"],"articleSection":["FUDBAL"],"inLanguage":"bs-BA","potentialAction":[{"@type":"CommentAction","name":"Comment","target":["https:\/\/www.hrankovic.eu\/portal\/hrvatska-se-plasirala-na-sp\/#respond"]}]},{"@type":"WebPage","@id":"https:\/\/www.hrankovic.eu\/portal\/hrvatska-se-plasirala-na-sp\/","url":"https:\/\/www.hrankovic.eu\/portal\/hrvatska-se-plasirala-na-sp\/","name":"I Hrvatska se plasirala na SP &#8211; HRANKOVI\u0106 ONLINE","isPartOf":{"@id":"https:\/\/www.hrankovic.eu\/portal\/#website"},"primaryImageOfPage":{"@id":"https:\/\/www.hrankovic.eu\/portal\/hrvatska-se-plasirala-na-sp\/#primaryimage"},"image":{"@id":"https:\/\/www.hrankovic.eu\/portal\/hrvatska-se-plasirala-na-sp\/#primaryimage"},"thumbnailUrl":"https:\/\/www.hrankovic.eu\/portal\/wp-content\/uploads\/2013\/11\/island_hrvatska.jpg","datePublished":"2013-11-19T21:43:42+00:00","dateModified":"2013-11-19T21:44:29+00:00","author":{"@id":"https:\/\/www.hrankovic.eu\/portal\/#\/schema\/person\/525ec15f5e49246a31046f58ad14f0e8"},"breadcrumb":{"@id":"https:\/\/www.hrankovic.eu\/portal\/hrvatska-se-plasirala-na-sp\/#breadcrumb"},"inLanguage":"bs-BA","potentialAction":[{"@type":"ReadAction","target":["https:\/\/www.hrankovic.eu\/portal\/hrvatska-se-plasirala-na-sp\/"]}]},{"@type":"ImageObject","inLanguage":"bs-BA","@id":"https:\/\/www.hrankovic.eu\/portal\/hrvatska-se-plasirala-na-sp\/#primaryimage","url":"https:\/\/www.hrankovic.eu\/portal\/wp-content\/uploads\/2013\/11\/island_hrvatska.jpg","contentUrl":"https:\/\/www.hrankovic.eu\/portal\/wp-content\/uploads\/2013\/11\/island_hrvatska.jpg","width":800,"height":535},{"@type":"BreadcrumbList","@id":"https:\/\/www.hrankovic.eu\/portal\/hrvatska-se-plasirala-na-sp\/#breadcrumb","itemListElement":[{"@type":"ListItem","position":1,"name":"Home","item":"https:\/\/www.hrankovic.eu\/portal\/"},{"@type":"ListItem","position":2,"name":"I Hrvatska se plasirala na SP"}]},{"@type":"WebSite","@id":"https:\/\/www.hrankovic.eu\/portal\/#website","url":"https:\/\/www.hrankovic.eu\/portal\/","name":"HRANKOVI\u0106 ONLINE","description":"Korist za budu\u0107nost na\u0161eg HRANKOVI\u0106A","potentialAction":[{"@type":"SearchAction","target":{"@type":"EntryPoint","urlTemplate":"https:\/\/www.hrankovic.eu\/portal\/?s={search_term_string}"},"query-input":{"@type":"PropertyValueSpecification","valueRequired":true,"valueName":"search_term_string"}}],"inLanguage":"bs-BA"},{"@type":"Person","@id":"https:\/\/www.hrankovic.eu\/portal\/#\/schema\/person\/525ec15f5e49246a31046f58ad14f0e8","name":"El_San","image":{"@type":"ImageObject","inLanguage":"bs-BA","@id":"https:\/\/secure.gravatar.com\/avatar\/d4b5b3419e24d66a6541e9866871acc9839d89a80d14476aa522b02368193380?s=96&d=wp_user_avatar&r=g","url":"https:\/\/secure.gravatar.com\/avatar\/d4b5b3419e24d66a6541e9866871acc9839d89a80d14476aa522b02368193380?s=96&d=wp_user_avatar&r=g","contentUrl":"https:\/\/secure.gravatar.com\/avatar\/d4b5b3419e24d66a6541e9866871acc9839d89a80d14476aa522b02368193380?s=96&d=wp_user_avatar&r=g","caption":"El_San"},"sameAs":["https:\/\/www.facebook.com\/hrankovljanin"]}]}},"_links":{"self":[{"href":"https:\/\/www.hrankovic.eu\/portal\/wp-json\/wp\/v2\/posts\/2377","targetHints":{"allow":["GET"]}}],"collection":[{"href":"https:\/\/www.hrankovic.eu\/portal\/wp-json\/wp\/v2\/posts"}],"about":[{"href":"https:\/\/www.hrankovic.eu\/portal\/wp-json\/wp\/v2\/types\/post"}],"author":[{"embeddable":true,"href":"https:\/\/www.hrankovic.eu\/portal\/wp-json\/wp\/v2\/users\/2"}],"replies":[{"embeddable":true,"href":"https:\/\/www.hrankovic.eu\/portal\/wp-json\/wp\/v2\/comments?post=2377"}],"version-history":[{"count":1,"href":"https:\/\/www.hrankovic.eu\/portal\/wp-json\/wp\/v2\/posts\/2377\/revisions"}],"predecessor-version":[{"id":2379,"href":"https:\/\/www.hrankovic.eu\/portal\/wp-json\/wp\/v2\/posts\/2377\/revisions\/2379"}],"wp:featuredmedia":[{"embeddable":true,"href":"https:\/\/www.hrankovic.eu\/portal\/wp-json\/wp\/v2\/media\/2378"}],"wp:attachment":[{"href":"https:\/\/www.hrankovic.eu\/portal\/wp-json\/wp\/v2\/media?parent=2377"}],"wp:term":[{"taxonomy":"category","embeddable":true,"href":"https:\/\/www.hrankovic.eu\/portal\/wp-json\/wp\/v2\/categories?post=2377"},{"taxonomy":"post_tag","embeddable":true,"href":"https:\/\/www.hrankovic.eu\/portal\/wp-json\/wp\/v2\/tags?post=2377"}],"curies":[{"name":"wp","href":"https:\/\/api.w.org\/{rel}","templated":true}]}}