{"id":2154,"date":"2013-11-01T17:26:16","date_gmt":"2013-11-01T16:26:16","guid":{"rendered":"http:\/\/www.hrankovic.eu\/portal\/?p=2154"},"modified":"2013-11-01T17:26:16","modified_gmt":"2013-11-01T16:26:16","slug":"postali-smo-zemlja-staraca","status":"publish","type":"post","link":"https:\/\/www.hrankovic.eu\/portal\/postali-smo-zemlja-staraca\/","title":{"rendered":"Postali smo zemlja staraca"},"content":{"rendered":"<p>Prvi nezvani\u010dni podaci poslije popisa stanovni\u0161tva pokazali su da u Bosni i Hercegovini danas \u017eivi 13 posto manje stanovni\u0161tva nego \u0161to je bilo popisano 1991. godine. Pokazali su i da je najvi\u0161e umanjen broj hrvatskog stanovni\u0161tva.<\/p>\n<p style=\"text-align: justify;\">Hrvata je u na\u0161oj zemlji manje za gotovo jednu tre\u0107inu, objavila je TV1.<\/p>\n<p>Posljednji popis stanovni\u0161tva u na\u0161oj zemlji obavljen je 1991. godine. Tada je u Bosni i Hercegovini \u017eivjelo 4. 377.033 stanovnika. Taj broj je 22 godine kasnije uveliko umanjen. Prema prvim nezvani\u010dnim podacima u zemlji je popisano oko 3, 8 miliona stanovnika. Dakle, 13 posto nas je manje. Stru\u010dnjaci tvrde, ukupni zvani\u010dni broj bi\u0107e \u010dak i manji.<\/p>\n<p>&#8220;Prema mojoj ocjeni, izme\u0111u 3,7 i 3,8 miliona stanovnika. Tu govorim o stalnom stanovni\u0161tvu. To zna\u010di da je izme\u0111u 18 i 20 posto manje broja stanovni\u0161tva. \u0160to se ti\u010de prisutnog stanovni\u0161tva, njihov broj \u0107e se kretati, prema mojoj ocjeni, oko 3,5 miliona, a mo\u017eda i manje&#8221;, rekao je demograf Hasan Zoli\u0107 za TV1.<\/p>\n<p>Prve procjene govore i da je u Federaciji popisano oko 2,4 miliona ljudi, kao i da u manjem bh. entitetu \u017eivi oko 1,4 miliona stanovnika.<\/p>\n<p>Pretpostavlja se da \u0107e Srba biti oko 30 posto, Bo\u0161njaka skoro 54 posto, od \u010dega je izme\u0111u 186.000 i 205.000 popisano u Republici Srpskoj, ali i da je Hrvata mnogo manje nego na posljednjem popisu stanovni\u0161tva.<\/p>\n<p>Prema nezvani\u010dnim podacima, njih je popisano 560.000. Isti podaci su pokazali i da se jedan nezanemarljiv broj stanovnika izjasnio i kao Bosanci i Hercegovci.<\/p>\n<p>&#8220;Nacionalna struktura sadr\u017ei ne samo konstitutivne narode &#8211; Bo\u0161njake, Srbe i Hrvate, nego i ostale &#8211; Crnogorce, Makedonce, Jevreje, Rome itd, tako da se o nacionalnoj strukturi ne mo\u017ee govoriti danas&#8221;, poja\u0161njava Zoli\u0107.<\/p>\n<p>Razloga za smanjen broj stanovnika na\u0161e zemlje je mnogo. Najo\u010ditiji je \u010dinjenica da je tokom agresije na BiH ubijeno oko 100.000 ljudi. Tu je i \u010dinjenica da bh. dijaspora ne\u0107e u\u0107i u ukupan broj stanovnika.<\/p>\n<p>&#8220;Veliki uzrok je to \u0161to je veliki broj stanovnika napustio BiH. Drugo, smanjen je natalitet, a pove\u0107an mortalitet&#8221;, upozorava Zoli\u0107.<\/p>\n<p>Postali smo, dodaje Zoli\u0107, kao i ostatak Evrope zemlja staraca.<\/p>\n<p>Ali to, kao i sve ostale podatke, tek \u0107e pokazati zvani\u010dni rezultati popisa. Prve, op\u0107e podatke, mo\u017eemo o\u010dekivati za otprilike dva mjeseca.<\/p>\n","protected":false},"excerpt":{"rendered":"<p>Prvi nezvani\u010dni podaci poslije popisa stanovni\u0161tva pokazali su da u Bosni i Hercegovini danas \u017eivi 13 posto manje stanovni\u0161tva nego \u0161to je bilo popisano 1991. godine. Pokazali su i da je najvi\u0161e umanjen broj hrvatskog stanovni\u0161tva. Hrvata je u na\u0161oj zemlji manje za gotovo jednu tre\u0107inu, objavila je TV1. Posljednji popis stanovni\u0161tva u na\u0161oj zemlji &hellip;<\/p>\n","protected":false},"author":3,"featured_media":2155,"comment_status":"open","ping_status":"open","sticky":false,"template":"","format":"standard","meta":{"_crdt_document":"","_exactmetrics_skip_tracking":false,"_exactmetrics_sitenote_active":false,"_exactmetrics_sitenote_note":"","_exactmetrics_sitenote_category":0,"ngg_post_thumbnail":0,"footnotes":""},"categories":[88,4],"tags":[1378,1380,1379],"class_list":["post-2154","post","type-post","status-publish","format-standard","has-post-thumbnail","","category-vijesti-2","category-vijesti","tag-postali","tag-staraca","tag-zemlja"],"yoast_head":"<!-- This site is optimized with the Yoast SEO plugin v27.5 - https:\/\/yoast.com\/product\/yoast-seo-wordpress\/ -->\n<title>Postali smo zemlja staraca &#8211; HRANKOVI\u0106 ONLINE<\/title>\n<meta name=\"robots\" content=\"index, follow, max-snippet:-1, max-image-preview:large, max-video-preview:-1\" \/>\n<link rel=\"canonical\" href=\"https:\/\/www.hrankovic.eu\/portal\/postali-smo-zemlja-staraca\/\" \/>\n<meta property=\"og:locale\" content=\"bs_BA\" \/>\n<meta property=\"og:type\" content=\"article\" \/>\n<meta property=\"og:title\" content=\"Postali smo zemlja staraca &#8211; HRANKOVI\u0106 ONLINE\" \/>\n<meta property=\"og:description\" content=\"Prvi nezvani\u010dni podaci poslije popisa stanovni\u0161tva pokazali su da u Bosni i Hercegovini danas \u017eivi 13 posto manje stanovni\u0161tva nego \u0161to je bilo popisano 1991. godine. Pokazali su i da je najvi\u0161e umanjen broj hrvatskog stanovni\u0161tva. Hrvata je u na\u0161oj zemlji manje za gotovo jednu tre\u0107inu, objavila je TV1. Posljednji popis stanovni\u0161tva u na\u0161oj zemlji &hellip;\" \/>\n<meta property=\"og:url\" content=\"https:\/\/www.hrankovic.eu\/portal\/postali-smo-zemlja-staraca\/\" \/>\n<meta property=\"og:site_name\" content=\"HRANKOVI\u0106 ONLINE\" \/>\n<meta property=\"article:publisher\" content=\"https:\/\/www.facebook.com\/GHrankovic\/\" \/>\n<meta property=\"article:published_time\" content=\"2013-11-01T16:26:16+00:00\" \/>\n<meta property=\"og:image\" content=\"https:\/\/www.hrankovic.eu\/portal\/wp-content\/uploads\/2013\/11\/thumbnail.jpg\" \/>\n\t<meta property=\"og:image:width\" content=\"300\" \/>\n\t<meta property=\"og:image:height\" content=\"225\" \/>\n\t<meta property=\"og:image:type\" content=\"image\/jpeg\" \/>\n<meta name=\"author\" content=\"Brato\" \/>\n<meta name=\"twitter:card\" content=\"summary_large_image\" \/>\n<meta name=\"twitter:label1\" content=\"Written by\" \/>\n\t<meta name=\"twitter:data1\" content=\"Brato\" \/>\n\t<meta name=\"twitter:label2\" content=\"Est. reading time\" \/>\n\t<meta name=\"twitter:data2\" content=\"2 minute\" \/>\n<script type=\"application\/ld+json\" class=\"yoast-schema-graph\">{\"@context\":\"https:\\\/\\\/schema.org\",\"@graph\":[{\"@type\":\"Article\",\"@id\":\"https:\\\/\\\/www.hrankovic.eu\\\/portal\\\/postali-smo-zemlja-staraca\\\/#article\",\"isPartOf\":{\"@id\":\"https:\\\/\\\/www.hrankovic.eu\\\/portal\\\/postali-smo-zemlja-staraca\\\/\"},\"author\":{\"name\":\"Brato\",\"@id\":\"https:\\\/\\\/www.hrankovic.eu\\\/portal\\\/#\\\/schema\\\/person\\\/b7d4074fe73014c5492bc46b11e63e9b\"},\"headline\":\"Postali smo zemlja staraca\",\"datePublished\":\"2013-11-01T16:26:16+00:00\",\"mainEntityOfPage\":{\"@id\":\"https:\\\/\\\/www.hrankovic.eu\\\/portal\\\/postali-smo-zemlja-staraca\\\/\"},\"wordCount\":383,\"commentCount\":0,\"image\":{\"@id\":\"https:\\\/\\\/www.hrankovic.eu\\\/portal\\\/postali-smo-zemlja-staraca\\\/#primaryimage\"},\"thumbnailUrl\":\"https:\\\/\\\/www.hrankovic.eu\\\/portal\\\/wp-content\\\/uploads\\\/2013\\\/11\\\/thumbnail.jpg\",\"keywords\":[\"postali\",\"staraca\",\"zemlja\"],\"articleSection\":[\"VIJESTI\",\"VIJESTI IZ BIH\"],\"inLanguage\":\"bs-BA\",\"potentialAction\":[{\"@type\":\"CommentAction\",\"name\":\"Comment\",\"target\":[\"https:\\\/\\\/www.hrankovic.eu\\\/portal\\\/postali-smo-zemlja-staraca\\\/#respond\"]}]},{\"@type\":\"WebPage\",\"@id\":\"https:\\\/\\\/www.hrankovic.eu\\\/portal\\\/postali-smo-zemlja-staraca\\\/\",\"url\":\"https:\\\/\\\/www.hrankovic.eu\\\/portal\\\/postali-smo-zemlja-staraca\\\/\",\"name\":\"Postali smo zemlja staraca &#8211; HRANKOVI\u0106 ONLINE\",\"isPartOf\":{\"@id\":\"https:\\\/\\\/www.hrankovic.eu\\\/portal\\\/#website\"},\"primaryImageOfPage\":{\"@id\":\"https:\\\/\\\/www.hrankovic.eu\\\/portal\\\/postali-smo-zemlja-staraca\\\/#primaryimage\"},\"image\":{\"@id\":\"https:\\\/\\\/www.hrankovic.eu\\\/portal\\\/postali-smo-zemlja-staraca\\\/#primaryimage\"},\"thumbnailUrl\":\"https:\\\/\\\/www.hrankovic.eu\\\/portal\\\/wp-content\\\/uploads\\\/2013\\\/11\\\/thumbnail.jpg\",\"datePublished\":\"2013-11-01T16:26:16+00:00\",\"author\":{\"@id\":\"https:\\\/\\\/www.hrankovic.eu\\\/portal\\\/#\\\/schema\\\/person\\\/b7d4074fe73014c5492bc46b11e63e9b\"},\"breadcrumb\":{\"@id\":\"https:\\\/\\\/www.hrankovic.eu\\\/portal\\\/postali-smo-zemlja-staraca\\\/#breadcrumb\"},\"inLanguage\":\"bs-BA\",\"potentialAction\":[{\"@type\":\"ReadAction\",\"target\":[\"https:\\\/\\\/www.hrankovic.eu\\\/portal\\\/postali-smo-zemlja-staraca\\\/\"]}]},{\"@type\":\"ImageObject\",\"inLanguage\":\"bs-BA\",\"@id\":\"https:\\\/\\\/www.hrankovic.eu\\\/portal\\\/postali-smo-zemlja-staraca\\\/#primaryimage\",\"url\":\"https:\\\/\\\/www.hrankovic.eu\\\/portal\\\/wp-content\\\/uploads\\\/2013\\\/11\\\/thumbnail.jpg\",\"contentUrl\":\"https:\\\/\\\/www.hrankovic.eu\\\/portal\\\/wp-content\\\/uploads\\\/2013\\\/11\\\/thumbnail.jpg\",\"width\":300,\"height\":225},{\"@type\":\"BreadcrumbList\",\"@id\":\"https:\\\/\\\/www.hrankovic.eu\\\/portal\\\/postali-smo-zemlja-staraca\\\/#breadcrumb\",\"itemListElement\":[{\"@type\":\"ListItem\",\"position\":1,\"name\":\"Home\",\"item\":\"https:\\\/\\\/www.hrankovic.eu\\\/portal\\\/\"},{\"@type\":\"ListItem\",\"position\":2,\"name\":\"Postali smo zemlja staraca\"}]},{\"@type\":\"WebSite\",\"@id\":\"https:\\\/\\\/www.hrankovic.eu\\\/portal\\\/#website\",\"url\":\"https:\\\/\\\/www.hrankovic.eu\\\/portal\\\/\",\"name\":\"HRANKOVI\u0106 ONLINE\",\"description\":\"Korist za budu\u0107nost na\u0161eg HRANKOVI\u0106A\",\"potentialAction\":[{\"@type\":\"SearchAction\",\"target\":{\"@type\":\"EntryPoint\",\"urlTemplate\":\"https:\\\/\\\/www.hrankovic.eu\\\/portal\\\/?s={search_term_string}\"},\"query-input\":{\"@type\":\"PropertyValueSpecification\",\"valueRequired\":true,\"valueName\":\"search_term_string\"}}],\"inLanguage\":\"bs-BA\"},{\"@type\":\"Person\",\"@id\":\"https:\\\/\\\/www.hrankovic.eu\\\/portal\\\/#\\\/schema\\\/person\\\/b7d4074fe73014c5492bc46b11e63e9b\",\"name\":\"Brato\",\"image\":{\"@type\":\"ImageObject\",\"inLanguage\":\"bs-BA\",\"@id\":\"https:\\\/\\\/secure.gravatar.com\\\/avatar\\\/ba062e7c3f06b8800fc591718ed96d83500b5d65c2c7850ba1ba74d64699c356?s=96&d=wp_user_avatar&r=g\",\"url\":\"https:\\\/\\\/secure.gravatar.com\\\/avatar\\\/ba062e7c3f06b8800fc591718ed96d83500b5d65c2c7850ba1ba74d64699c356?s=96&d=wp_user_avatar&r=g\",\"contentUrl\":\"https:\\\/\\\/secure.gravatar.com\\\/avatar\\\/ba062e7c3f06b8800fc591718ed96d83500b5d65c2c7850ba1ba74d64699c356?s=96&d=wp_user_avatar&r=g\",\"caption\":\"Brato\"}}]}<\/script>\n<!-- \/ Yoast SEO plugin. -->","yoast_head_json":{"title":"Postali smo zemlja staraca &#8211; HRANKOVI\u0106 ONLINE","robots":{"index":"index","follow":"follow","max-snippet":"max-snippet:-1","max-image-preview":"max-image-preview:large","max-video-preview":"max-video-preview:-1"},"canonical":"https:\/\/www.hrankovic.eu\/portal\/postali-smo-zemlja-staraca\/","og_locale":"bs_BA","og_type":"article","og_title":"Postali smo zemlja staraca &#8211; HRANKOVI\u0106 ONLINE","og_description":"Prvi nezvani\u010dni podaci poslije popisa stanovni\u0161tva pokazali su da u Bosni i Hercegovini danas \u017eivi 13 posto manje stanovni\u0161tva nego \u0161to je bilo popisano 1991. godine. Pokazali su i da je najvi\u0161e umanjen broj hrvatskog stanovni\u0161tva. Hrvata je u na\u0161oj zemlji manje za gotovo jednu tre\u0107inu, objavila je TV1. Posljednji popis stanovni\u0161tva u na\u0161oj zemlji &hellip;","og_url":"https:\/\/www.hrankovic.eu\/portal\/postali-smo-zemlja-staraca\/","og_site_name":"HRANKOVI\u0106 ONLINE","article_publisher":"https:\/\/www.facebook.com\/GHrankovic\/","article_published_time":"2013-11-01T16:26:16+00:00","og_image":[{"width":300,"height":225,"url":"https:\/\/www.hrankovic.eu\/portal\/wp-content\/uploads\/2013\/11\/thumbnail.jpg","type":"image\/jpeg"}],"author":"Brato","twitter_card":"summary_large_image","twitter_misc":{"Written by":"Brato","Est. reading time":"2 minute"},"schema":{"@context":"https:\/\/schema.org","@graph":[{"@type":"Article","@id":"https:\/\/www.hrankovic.eu\/portal\/postali-smo-zemlja-staraca\/#article","isPartOf":{"@id":"https:\/\/www.hrankovic.eu\/portal\/postali-smo-zemlja-staraca\/"},"author":{"name":"Brato","@id":"https:\/\/www.hrankovic.eu\/portal\/#\/schema\/person\/b7d4074fe73014c5492bc46b11e63e9b"},"headline":"Postali smo zemlja staraca","datePublished":"2013-11-01T16:26:16+00:00","mainEntityOfPage":{"@id":"https:\/\/www.hrankovic.eu\/portal\/postali-smo-zemlja-staraca\/"},"wordCount":383,"commentCount":0,"image":{"@id":"https:\/\/www.hrankovic.eu\/portal\/postali-smo-zemlja-staraca\/#primaryimage"},"thumbnailUrl":"https:\/\/www.hrankovic.eu\/portal\/wp-content\/uploads\/2013\/11\/thumbnail.jpg","keywords":["postali","staraca","zemlja"],"articleSection":["VIJESTI","VIJESTI IZ BIH"],"inLanguage":"bs-BA","potentialAction":[{"@type":"CommentAction","name":"Comment","target":["https:\/\/www.hrankovic.eu\/portal\/postali-smo-zemlja-staraca\/#respond"]}]},{"@type":"WebPage","@id":"https:\/\/www.hrankovic.eu\/portal\/postali-smo-zemlja-staraca\/","url":"https:\/\/www.hrankovic.eu\/portal\/postali-smo-zemlja-staraca\/","name":"Postali smo zemlja staraca &#8211; HRANKOVI\u0106 ONLINE","isPartOf":{"@id":"https:\/\/www.hrankovic.eu\/portal\/#website"},"primaryImageOfPage":{"@id":"https:\/\/www.hrankovic.eu\/portal\/postali-smo-zemlja-staraca\/#primaryimage"},"image":{"@id":"https:\/\/www.hrankovic.eu\/portal\/postali-smo-zemlja-staraca\/#primaryimage"},"thumbnailUrl":"https:\/\/www.hrankovic.eu\/portal\/wp-content\/uploads\/2013\/11\/thumbnail.jpg","datePublished":"2013-11-01T16:26:16+00:00","author":{"@id":"https:\/\/www.hrankovic.eu\/portal\/#\/schema\/person\/b7d4074fe73014c5492bc46b11e63e9b"},"breadcrumb":{"@id":"https:\/\/www.hrankovic.eu\/portal\/postali-smo-zemlja-staraca\/#breadcrumb"},"inLanguage":"bs-BA","potentialAction":[{"@type":"ReadAction","target":["https:\/\/www.hrankovic.eu\/portal\/postali-smo-zemlja-staraca\/"]}]},{"@type":"ImageObject","inLanguage":"bs-BA","@id":"https:\/\/www.hrankovic.eu\/portal\/postali-smo-zemlja-staraca\/#primaryimage","url":"https:\/\/www.hrankovic.eu\/portal\/wp-content\/uploads\/2013\/11\/thumbnail.jpg","contentUrl":"https:\/\/www.hrankovic.eu\/portal\/wp-content\/uploads\/2013\/11\/thumbnail.jpg","width":300,"height":225},{"@type":"BreadcrumbList","@id":"https:\/\/www.hrankovic.eu\/portal\/postali-smo-zemlja-staraca\/#breadcrumb","itemListElement":[{"@type":"ListItem","position":1,"name":"Home","item":"https:\/\/www.hrankovic.eu\/portal\/"},{"@type":"ListItem","position":2,"name":"Postali smo zemlja staraca"}]},{"@type":"WebSite","@id":"https:\/\/www.hrankovic.eu\/portal\/#website","url":"https:\/\/www.hrankovic.eu\/portal\/","name":"HRANKOVI\u0106 ONLINE","description":"Korist za budu\u0107nost na\u0161eg HRANKOVI\u0106A","potentialAction":[{"@type":"SearchAction","target":{"@type":"EntryPoint","urlTemplate":"https:\/\/www.hrankovic.eu\/portal\/?s={search_term_string}"},"query-input":{"@type":"PropertyValueSpecification","valueRequired":true,"valueName":"search_term_string"}}],"inLanguage":"bs-BA"},{"@type":"Person","@id":"https:\/\/www.hrankovic.eu\/portal\/#\/schema\/person\/b7d4074fe73014c5492bc46b11e63e9b","name":"Brato","image":{"@type":"ImageObject","inLanguage":"bs-BA","@id":"https:\/\/secure.gravatar.com\/avatar\/ba062e7c3f06b8800fc591718ed96d83500b5d65c2c7850ba1ba74d64699c356?s=96&d=wp_user_avatar&r=g","url":"https:\/\/secure.gravatar.com\/avatar\/ba062e7c3f06b8800fc591718ed96d83500b5d65c2c7850ba1ba74d64699c356?s=96&d=wp_user_avatar&r=g","contentUrl":"https:\/\/secure.gravatar.com\/avatar\/ba062e7c3f06b8800fc591718ed96d83500b5d65c2c7850ba1ba74d64699c356?s=96&d=wp_user_avatar&r=g","caption":"Brato"}}]}},"_links":{"self":[{"href":"https:\/\/www.hrankovic.eu\/portal\/wp-json\/wp\/v2\/posts\/2154","targetHints":{"allow":["GET"]}}],"collection":[{"href":"https:\/\/www.hrankovic.eu\/portal\/wp-json\/wp\/v2\/posts"}],"about":[{"href":"https:\/\/www.hrankovic.eu\/portal\/wp-json\/wp\/v2\/types\/post"}],"author":[{"embeddable":true,"href":"https:\/\/www.hrankovic.eu\/portal\/wp-json\/wp\/v2\/users\/3"}],"replies":[{"embeddable":true,"href":"https:\/\/www.hrankovic.eu\/portal\/wp-json\/wp\/v2\/comments?post=2154"}],"version-history":[{"count":1,"href":"https:\/\/www.hrankovic.eu\/portal\/wp-json\/wp\/v2\/posts\/2154\/revisions"}],"predecessor-version":[{"id":2156,"href":"https:\/\/www.hrankovic.eu\/portal\/wp-json\/wp\/v2\/posts\/2154\/revisions\/2156"}],"wp:featuredmedia":[{"embeddable":true,"href":"https:\/\/www.hrankovic.eu\/portal\/wp-json\/wp\/v2\/media\/2155"}],"wp:attachment":[{"href":"https:\/\/www.hrankovic.eu\/portal\/wp-json\/wp\/v2\/media?parent=2154"}],"wp:term":[{"taxonomy":"category","embeddable":true,"href":"https:\/\/www.hrankovic.eu\/portal\/wp-json\/wp\/v2\/categories?post=2154"},{"taxonomy":"post_tag","embeddable":true,"href":"https:\/\/www.hrankovic.eu\/portal\/wp-json\/wp\/v2\/tags?post=2154"}],"curies":[{"name":"wp","href":"https:\/\/api.w.org\/{rel}","templated":true}]}}